{"id":80519,"date":"2025-11-04T05:51:10","date_gmt":"2025-11-04T05:51:10","guid":{"rendered":"https:\/\/www.europesays.com\/fi\/80519\/"},"modified":"2025-11-04T05:51:10","modified_gmt":"2025-11-04T05:51:10","slug":"suvi-terasniska-ja-pikkuveli-oskari-hurmaavat-elamani-biisi-ohjelmassa","status":"publish","type":"post","link":"https:\/\/www.europesays.com\/fi\/80519\/","title":{"rendered":"Suvi Ter\u00e4sniska ja pikkuveli Oskari hurmaavat El\u00e4m\u00e4ni biisi -ohjelmassa"},"content":{"rendered":"<p>            Matti Matikainen\n        <\/p>\n<p class=\"subtitle \">Suvi Ter\u00e4sniskan veli n\u00e4htiin yll\u00e4tt\u00e4v\u00e4ss\u00e4 paikassa.<\/p>\n<p class=\"article-content article-content-width !bg-background\">Laulaja\u00a0on ylpe\u00e4 juuristaan, mutta pit\u00e4\u00e4 yksityisel\u00e4m\u00e4ns\u00e4 jokseenkin omana tietonaan. Toisinaan h\u00e4nen perheenj\u00e4senens\u00e4 kuitenkin p\u00e4\u00e4sev\u00e4t h\u00e4nen mukanaan parrasvaloihin.<\/p>\n<p class=\"font-weight-bold m-font-weight-bold article-content article-content-width !bg-background\">Arkistovideo: T\u00e4t\u00e4 Suvi popitti teinin\u00e4<\/p>\n<p class=\"article-content article-content-width !bg-background\"><a href=\"https:\/\/areena.yle.fi\/1-76507475\" target=\"_blank\" rel=\"nofollow noopener\">N\u00e4in k\u00e4vi my\u00f6s lauantain (1.11.)\u00a0El\u00e4m\u00e4ni biisi\u00a0-jaksossa, jossa Suvi k\u00e4vi esitt\u00e4m\u00e4ss\u00e4 Noitalinna huraa! -yhtyeen\u00a0Pikkuveli<\/a>-kappaleen. Biisin tunnusti omaksi valinnakseen.<\/p>\n<p class=\"article-content article-content-width !bg-background\">Yll\u00e4tt\u00e4en Suvin ei tarvinnut seist\u00e4 lavalla yksin, vaan h\u00e4nen kanssaan lauloi osuvasti h\u00e4nen pikkuveljens\u00e4.<\/p>\n<p class=\"article-content article-content-width !bg-background\">Suvi kirjoitti tunnelmallisesta esityksest\u00e4 Instagram-tilill\u00e4\u00e4n maanantaina (3.11.). Julkaisuun h\u00e4n on lis\u00e4nnyt useamman kuvan esityksest\u00e4 ja illalta.<\/p>\n<p>        <a itemprop=\"url\" href=\"https:\/\/www.seiska.fi\/kotimaa\/suvi-terasniska-avautuu-parisuhteensa-haasteista\/1914812\" rel=\"nofollow noopener\" target=\"_blank\"><\/p>\n<p>\nSuvi Ter\u00e4sniska\n<\/p>\n<p class=\"section-date\">\n        <strong class=\"article-section\" data-section=\"kotimaa\"><br \/>\n            kotimaa<br \/>\n        <\/strong><br \/>\n        31.8. 17:00\n    <\/p>\n<p>Suvi Ter\u00e4sniska avautuu parisuhteensa haasteista\n    <\/p>\n<p itemprop=\"description\" class=\"subtitle \">\n    Kiireinen arki tuo haastetta Suvin ja Simo-rakkaan parisuhteeseen.\n<\/p>\n<p>        <\/a><\/p>\n<p>Ylist\u00e4\u00e4 velje\u00e4\u00e4n<\/p>\n<p class=\"article-content article-content-width !bg-background\">Alkuun h\u00e4n siteeraa kappaleen herkk\u00e4\u00e4 kertos\u00e4ett\u00e4 ja kiittelee koko tiimi\u00e4 siit\u00e4, ett\u00e4 j\u00e4nnitt\u00e4v\u00e4 haaste saatiin toimimaan hienosti.<\/p>\n<p class=\"article-content article-content-width !bg-background\">\u2013\u00a0Sit toisekseen m\u00e4 sain laulaa yhden mun el\u00e4m\u00e4ni t\u00e4rkeimm\u00e4n ihmisen kanssa,\u00a0Suvi hehkuttaa ja kiitt\u00e4\u00e4 velje\u00e4\u00e4n.<\/p>\n<p class=\"article-content article-content-width !bg-background\">\u2013\u00a0Susta kasvoi aikuinen vaikka olisin aina halunnut pit\u00e4\u00e4 sut pienen\u00e4. M\u00e4 oon maailman eniten ylpein miten hieno ja vastuuntuntoinen ihminen susta on tullut. Ja vaikka ootkin aikuinen, oot silti aina mun pikkuveikka,\u00a0Suvi ylist\u00e4\u00e4.<\/p>\n<p class=\"article-content article-content-width !bg-background\">Suvi kertoo my\u00f6s, ettei esiintyminen ollut sisaruksille suinkaan ensimm\u00e4inen laatuaan; heid\u00e4t n\u00e4htiin telkkarissa jo kertaalleen vuonna 2013.\u00a0El\u00e4m\u00e4ni biisi\u00a0veto oli kuitenkin Suvin mielest\u00e4 huomattavasti maagisempi kuin tuolloin\u00a0Korkojen kera\u00a0-ohjelmassa esitetty show.<\/p>\n<p>        <a itemprop=\"url\" href=\"https:\/\/www.seiska.fi\/katso\/podcast-suvi-terasniskan-harski-puoli-paljastui\/1961365\" rel=\"nofollow noopener\" target=\"_blank\"><\/p>\n<p>\nPodcast:\n<\/p>\n<p class=\"section-date\">\n        <strong class=\"article-section\" data-section=\"katso\"><br \/>\n            katso<br \/>\n        <\/strong><br \/>\n        14.10. 12:15\n    <\/p>\n<p>Podcast: Suvi Ter\u00e4sniskan h\u00e4rski puoli paljastui\n    <\/p>\n<p itemprop=\"description\" class=\"subtitle \">\n    Juontaja Katja St\u00e5hl kertoo yll\u00e4tt\u00e4v\u00e4n piirteen suositusta artistista.\n<\/p>\n<p>        <\/a><\/p>\n<p>Laulutaitoinen pikkuveli<\/p>\n<p class=\"article-content article-content-width !bg-background\">Laulaminen isolla lavalla ei ollut Oskarille uutta. Siskonsa tavoin h\u00e4nkin uurtaa uraa musiikin maailmassa, tosin hieman erilaisessa genress\u00e4 kuin Suvi.\u00a0Oskari on mukana oululaisessa rokkib\u00e4ndiss\u00e4 nimelt\u00e4 Taskujauheliha.<\/p>\n<p class=\"article-content article-content-width !bg-background\">Keikkojakin vet\u00e4v\u00e4 yhtye on kerrytt\u00e4nyt suosiota paikallisiin vetoavilla tuotoksillaan\u00a0Oulu, Oulu II\u00a0sek\u00e4\u00a0Oulu III (Ule\u00e5borg), ja heid\u00e4n kuulijakuntansa Spotifyssa on kuukausittain 750 ihmisen suuruinen.<\/p>\n<p class=\"article-content article-content-width !bg-background\">Seesteinen\u00a0Pikkuveli-versiointi on huomattavasti Taskujauhelihan ralleja leppoisampi, mutta laulun esitys sujui Oskarilta ja Suvilta silti hienosti. Kiitokseksi he saivatkin varsin raikuvat aplodit.<\/p>\n<p>        <a itemprop=\"url\" href=\"https:\/\/www.seiska.fi\/katso\/katsojilta-yksimielinen-tuomio-katja-stahlin-paluulle-elamani-biisiin\/1981603\" rel=\"nofollow noopener\" target=\"_blank\"><\/p>\n<p>\nKatja St\u00e5hlin paluu\n<\/p>\n<p class=\"section-date\">\n        <strong class=\"article-section\" data-section=\"katso\"><br \/>\n            katso<br \/>\n        <\/strong><br \/>\n        3.11. 12:15\n    <\/p>\n<p>Katsojilta yksimielinen tuomio Katja St\u00e5hlin paluulle El\u00e4m\u00e4ni biisiin\n    <\/p>\n<p itemprop=\"description\" class=\"subtitle \">\n    Katja St\u00e5hl palasi El\u00e4m\u00e4ni biisin ruoriin 1. marraskuuta.\n<\/p>\n<p>        <\/a><\/p>\n","protected":false},"excerpt":{"rendered":"Matti Matikainen Suvi Ter\u00e4sniskan veli n\u00e4htiin yll\u00e4tt\u00e4v\u00e4ss\u00e4 paikassa. Laulaja\u00a0on ylpe\u00e4 juuristaan, mutta pit\u00e4\u00e4 yksityisel\u00e4m\u00e4ns\u00e4 jokseenkin omana tietonaan. Toisinaan&hellip;\n","protected":false},"author":2,"featured_media":80520,"comment_status":"","ping_status":"","sticky":false,"template":"","format":"standard","meta":{"footnotes":""},"categories":[136],"tags":[407,2632,137,33,31,30,408,47,16846,98,32,6921,156,109,1149],"class_list":{"0":"post-80519","1":"post","2":"type-post","3":"status-publish","4":"format-standard","5":"has-post-thumbnail","7":"category-julkkikset","8":"tag-celebrities","9":"tag-elamani-biisi","10":"tag-entertainment","11":"tag-fi","12":"tag-finland","13":"tag-finnish","14":"tag-julkkikset","15":"tag-musiikki","16":"tag-oskari-terasniska","17":"tag-perhe","18":"tag-suomi","19":"tag-suvi-terasniska","20":"tag-tv","21":"tag-viihde","22":"tag-yle"},"share_on_mastodon":{"url":"https:\/\/pubeurope.com\/@fi\/115489871169613742","error":""},"_links":{"self":[{"href":"https:\/\/www.europesays.com\/fi\/wp-json\/wp\/v2\/posts\/80519","targetHints":{"allow":["GET"]}}],"collection":[{"href":"https:\/\/www.europesays.com\/fi\/wp-json\/wp\/v2\/posts"}],"about":[{"href":"https:\/\/www.europesays.com\/fi\/wp-json\/wp\/v2\/types\/post"}],"author":[{"embeddable":true,"href":"https:\/\/www.europesays.com\/fi\/wp-json\/wp\/v2\/users\/2"}],"replies":[{"embeddable":true,"href":"https:\/\/www.europesays.com\/fi\/wp-json\/wp\/v2\/comments?post=80519"}],"version-history":[{"count":0,"href":"https:\/\/www.europesays.com\/fi\/wp-json\/wp\/v2\/posts\/80519\/revisions"}],"wp:featuredmedia":[{"embeddable":true,"href":"https:\/\/www.europesays.com\/fi\/wp-json\/wp\/v2\/media\/80520"}],"wp:attachment":[{"href":"https:\/\/www.europesays.com\/fi\/wp-json\/wp\/v2\/media?parent=80519"}],"wp:term":[{"taxonomy":"category","embeddable":true,"href":"https:\/\/www.europesays.com\/fi\/wp-json\/wp\/v2\/categories?post=80519"},{"taxonomy":"post_tag","embeddable":true,"href":"https:\/\/www.europesays.com\/fi\/wp-json\/wp\/v2\/tags?post=80519"}],"curies":[{"name":"wp","href":"https:\/\/api.w.org\/{rel}","templated":true}]}}