{"id":80521,"date":"2025-11-04T05:54:09","date_gmt":"2025-11-04T05:54:09","guid":{"rendered":"https:\/\/www.europesays.com\/fi\/80521\/"},"modified":"2025-11-04T05:54:09","modified_gmt":"2025-11-04T05:54:09","slug":"heli-ja-aki-eivat-tee-yhdessa-kauppoja","status":"publish","type":"post","link":"https:\/\/www.europesays.com\/fi\/80521\/","title":{"rendered":"Heli ja Aki eiv\u00e4t tee yhdess\u00e4 kauppoja"},"content":{"rendered":"<p>Heli ja Aki Palsanm\u00e4ki l\u00e4htev\u00e4t kumpikin omin nokkinensa reissun p\u00e4\u00e4lle.<\/p>\n<p><img decoding=\"async\" class=\"image image-show image-preview\" src=\"https:\/\/www.europesays.com\/fi\/wp-content\/uploads\/2025\/11\/d60a41ec57a39dd637c26e5a89827e759c6f47afd278bb0dc871e3a8c07e0a7e.jpg\" alt=\"\"\/><img decoding=\"async\" class=\"image image-show\" src=\"https:\/\/www.europesays.com\/fi\/wp-content\/uploads\/2025\/11\/1762235649_558_d60a41ec57a39dd637c26e5a89827e759c6f47afd278bb0dc871e3a8c07e0a7e.jpg\" alt=\"\"\/><\/p>\n<p>Tavallisesti Aki ja Heli k\u00e4yv\u00e4t ostosreissuilla yhdess\u00e4.  Sanoma<\/p>\n<p class=\"paragraph\">Suomen huutokauppakeisarissa koetaan poikkeuksellinen tilanne, kun <a href=\"https:\/\/www.iltalehti.fi\/henkilot\/Heli Palsanm\u00e4ki\" class=\"article-link-person-page\" rel=\"nofollow noopener\" target=\"_blank\">Heli<\/a> ja <a href=\"https:\/\/www.iltalehti.fi\/henkilot\/Aki Palsanm\u00e4ki\" class=\"article-link-person-page\" rel=\"nofollow noopener\" target=\"_blank\">Aki Palsanm\u00e4ki<\/a> eiv\u00e4t teek\u00e4\u00e4n yhdess\u00e4 kauppoja, kuten yleens\u00e4.<\/p>\n<p class=\"paragraph\">Aki vahvistaa ohjelmassa, ett\u00e4 useimmiten ostosreissulle l\u00e4hdet\u00e4\u00e4n kahdestaan. 18 vuoden aikana t\u00e4llaisia soolomatkoja on tullut tehty\u00e4 vain kymmenkunta kertaa, ehk\u00e4 v\u00e4hemm\u00e4nkin.<\/p>\n<p class=\"paragraph\">Aki suuntaa itsekseen entisen ker\u00e4ilij\u00e4n luokse. Heli puolestaan ajelee avoautollaan omin neuvoin tapaamaan <strong>Saija Tuupasta<\/strong>, joka on n\u00e4hty sarjassa aiemminkin.<\/p>\n<p class=\"paragraph\">\u2013\u2009Ei minua j\u00e4nnit\u00e4 kaupank\u00e4ynti yksin. Teen min\u00e4 sit\u00e4 muutenkin, jos Aki ei satu olemaan kotona, Heli kommentoi tv:ss\u00e4.<\/p>\n<p class=\"paragraph\">Heli p\u00e4\u00e4tt\u00e4\u00e4 maksaa Saijan lp-levyist\u00e4, kahvipurkeista, Muumi-koristelautasista ja muista aarteista 420 euroa. Jos Aki olisi ollut mukana neuvotteluissa, hinta olisi j\u00e4\u00e4nyt alhaisemmaksi. Sen paljastaa Akin reaktio kotopuolessa. Kun mies kuulee summan, h\u00e4nen leukansa loksahtaa auki. Heli k\u00e4y yksityiskohtaisesti l\u00e4pi, mist\u00e4 hinta koostuu, mutta Akilla on vaikeuksia niell\u00e4 selityksi\u00e4. Siihenk\u00e4\u00e4n h\u00e4nen on vaikea uskoa, ett\u00e4 Heli tekee hankinnoillaan kunnolla voittoa. Heli uskoo n\u00e4et myyv\u00e4ns\u00e4 Saijan tavarat 1 060 eurolla.<\/p>\n<p class=\"paragraph\">\u2013\u2009\u00c4l\u00e4 h\u00f6p\u00f6t\u00e4, Aki kuittaa vaimolleen.<\/p>\n<p>Aki ei ymm\u00e4rr\u00e4, miksi Heli kuvittelee tekev\u00e4ns\u00e4 kunnon tilin Saija Tuupasen kengill\u00e4. Sanoma<\/p>\n<p class=\"paragraph\">Helin ja Saijan kaupank\u00e4ynniss\u00e4 on yksi toinenkin erikoispiirre. Saija luopuu kenk\u00e4parista, josta h\u00e4nelle on joku joskus luvannut per\u00e4ti 3 000 euroa. Heli ottaa ne riemumielell\u00e4 myyntiin. Samalla h\u00e4n lupaa oma-aloitteisesti Saijalle, ett\u00e4 jos kengist\u00e4 tuhatlappusia todella tulee, n\u00e4kyy se Saijankin kukkarossa.<\/p>\n<p class=\"paragraph\">\u2013\u2009Se raha pistet\u00e4\u00e4n puoliksi, Heli vannoo.<\/p>\n<p class=\"paragraph\">\u2013\u2009Sin\u00e4 otat aina riskin, Saija kehuu Heli\u00e4, eik\u00e4 Heli sit\u00e4 kiell\u00e4k\u00e4\u00e4n.<\/p>\n<p class=\"paragraph\">Vaan kuinka lopulta k\u00e4y: tahkooko Heli huutokaupassa voittoa? Kyll\u00e4 tahkoo. Saijan tavarat vaihtavat omistaa yhteens\u00e4 1 295 eurolla. Voittoa tulee 875 euroa.<\/p>\n<p class=\"paragraph\">Suomen huutokauppakeisari t\u00e4n\u00e4\u00e4n Nelosella kello 21.00 &amp; Ruudussa. <a href=\"https:\/\/www.iltalehti.fi\/telkku\/\" rel=\"nofollow noopener\" target=\"_blank\">Katso kaikki\u00a0TV-ohjelmat ja l\u00e4hetysajat Telkun TV-oppaasta<\/a>.<\/p>\n","protected":false},"excerpt":{"rendered":"Heli ja Aki Palsanm\u00e4ki l\u00e4htev\u00e4t kumpikin omin nokkinensa reissun p\u00e4\u00e4lle. Tavallisesti Aki ja Heli k\u00e4yv\u00e4t ostosreissuilla yhdess\u00e4. Sanoma&hellip;\n","protected":false},"author":2,"featured_media":80522,"comment_status":"","ping_status":"","sticky":false,"template":"","format":"standard","meta":{"footnotes":""},"categories":[133],"tags":[35,153,137,33,31,30,979,1999,32,206,140,139,156,109],"class_list":{"0":"post-80521","1":"post","2":"type-post","3":"status-publish","4":"format-standard","5":"has-post-thumbnail","7":"category-televisiot","8":"tag-24h","9":"tag-audiovisuaalinen-media","10":"tag-entertainment","11":"tag-fi","12":"tag-finland","13":"tag-finnish","14":"tag-sahkoinen-media","15":"tag-suomalaiset-tv-ohjelmat","16":"tag-suomi","17":"tag-televisiot","18":"tag-tv-ja-elokuvat","19":"tag-tv-ohjelmat","20":"tag-tv","21":"tag-viihde"},"share_on_mastodon":{"url":"https:\/\/pubeurope.com\/@fi\/115489883076198386","error":""},"_links":{"self":[{"href":"https:\/\/www.europesays.com\/fi\/wp-json\/wp\/v2\/posts\/80521","targetHints":{"allow":["GET"]}}],"collection":[{"href":"https:\/\/www.europesays.com\/fi\/wp-json\/wp\/v2\/posts"}],"about":[{"href":"https:\/\/www.europesays.com\/fi\/wp-json\/wp\/v2\/types\/post"}],"author":[{"embeddable":true,"href":"https:\/\/www.europesays.com\/fi\/wp-json\/wp\/v2\/users\/2"}],"replies":[{"embeddable":true,"href":"https:\/\/www.europesays.com\/fi\/wp-json\/wp\/v2\/comments?post=80521"}],"version-history":[{"count":0,"href":"https:\/\/www.europesays.com\/fi\/wp-json\/wp\/v2\/posts\/80521\/revisions"}],"wp:featuredmedia":[{"embeddable":true,"href":"https:\/\/www.europesays.com\/fi\/wp-json\/wp\/v2\/media\/80522"}],"wp:attachment":[{"href":"https:\/\/www.europesays.com\/fi\/wp-json\/wp\/v2\/media?parent=80521"}],"wp:term":[{"taxonomy":"category","embeddable":true,"href":"https:\/\/www.europesays.com\/fi\/wp-json\/wp\/v2\/categories?post=80521"},{"taxonomy":"post_tag","embeddable":true,"href":"https:\/\/www.europesays.com\/fi\/wp-json\/wp\/v2\/tags?post=80521"}],"curies":[{"name":"wp","href":"https:\/\/api.w.org\/{rel}","templated":true}]}}