{"id":80523,"date":"2025-11-04T05:56:08","date_gmt":"2025-11-04T05:56:08","guid":{"rendered":"https:\/\/www.europesays.com\/fi\/80523\/"},"modified":"2025-11-04T05:56:08","modified_gmt":"2025-11-04T05:56:08","slug":"henry-cavill-palasi-terasmieheksi-zack-snyderin-julkaisemassa-kuvassa","status":"publish","type":"post","link":"https:\/\/www.europesays.com\/fi\/80523\/","title":{"rendered":"Henry Cavill palasi Ter\u00e4smieheksi Zack Snyderin julkaisemassa kuvassa"},"content":{"rendered":"<p><strong>Ohjaaja Zack Snyder julkaisi Instagramissa aiemmin n\u00e4kem\u00e4tt\u00f6m\u00e4n kuvan Henry Cavillista Ter\u00e4smiehen\u00e4. <\/strong><\/p>\n<p>Kuvatekstiss\u00e4 luki \u201dHenry in his natural setting\u201d. Kuva on otettu filmiruudulta ja sen uskotaan olevan per\u00e4isin elokuvasta Batman v Superman: Dawn of Justice. Julkaisu on osa Snyderin viimeaikaista DC-elokuvien kulissien takaista julkaisusarjaa.<\/p>\n<blockquote class=\"instagram-media\" style=\"background: #FFF; border: 0; border-radius: 3px; box-shadow: 0 0 1px 0 rgba(0,0,0,0.5),0 1px 10px 0 rgba(0,0,0,0.15); margin: 1px; max-width: 540px; min-width: 326px; padding: 0; width: calc(100% - 2px);\" data-instgrm-captioned=\"\" data-instgrm-permalink=\"https:\/\/www.instagram.com\/p\/DQjlz0DEQJU\/?utm_source=ig_embed&amp;utm_campaign=loading\" data-instgrm-version=\"14\">\n<\/blockquote>\n<p>Kuva korostaa Snyderin mieltymyst\u00e4 perinteiseen filmikuvaukseen, jota h\u00e4n k\u00e4ytti elokuvissa Man of Steel ja Batman v Superman. Arkistomateriaalin julkaisut jatkuvat vuosia Cavillin roolista poistumisen ja Snyderin johtaman DC Extended Universen p\u00e4\u00e4ttymisen j\u00e4lkeen.<\/p>\n<p>Snyder on aiemmin kehunut Cavillin roolisuoritusta. Vuoden 2013 Man of Steel -ensi-illassa h\u00e4n sanoi:<\/p>\n<p>\u2013 Ensinn\u00e4kin, h\u00e4n ei ole kamalan ruma. H\u00e4n oli hyv\u00e4ss\u00e4 kunnossa, loistava n\u00e4yttelij\u00e4, ja h\u00e4ness\u00e4 on t\u00e4m\u00e4 selitt\u00e4m\u00e4t\u00f6n aitous.<\/p>\n<p>Tuottaja <strong>Deborah Snyder<\/strong> muisteli koen\u00e4yt\u00f6st\u00e4:<\/p>\n<p>\u2013 Puvut eiv\u00e4t olleet valmiit, joten h\u00e4n pukeutui vanhaan <strong>Christopher Reeven<\/strong> asuun. Kun h\u00e4n astui ulos, kaikki olivat \u00e4llistyneit\u00e4.<\/p>\n<p>Cavill n\u00e4ytteli Ter\u00e4smiest\u00e4 kolmessa p\u00e4\u00e4elokuvassa \u2013 Man of Steel (2013), Batman v Superman: Dawn of Justice (2016) ja Justice League (2017) \u2013 sek\u00e4 my\u00f6hemmin julkaistussa Zack Snyder\u2019s Justice League -versiossa (2021). H\u00e4n esiintyi viel\u00e4 lyhyesti elokuvassa Black Adam (2022), ennen kuin DC:n johto vaihtui.<\/p>\n<p>James Gunn vahvisti my\u00f6hemmin, ettei Cavill palaa rooliin:<\/p>\n<p>\u2013 Se oli todella ep\u00e4reilua h\u00e4nt\u00e4 kohtaan, ja harmitti kovasti. H\u00e4n oli t\u00e4ydellinen herrasmies ja hieno ihminen.<\/p>\n<p>Seuraava Ter\u00e4smies-elokuva, Superman: Man of Tomorrow, saa ensi-iltansa 9. hein\u00e4kuuta 2027.<\/p>\n<p>\n\tAiheeseen liittyy\n<\/p>\n<p>    <script async src=\"\/\/www.instagram.com\/embed.js\"><\/script><\/p>\n","protected":false},"excerpt":{"rendered":"Ohjaaja Zack Snyder julkaisi Instagramissa aiemmin n\u00e4kem\u00e4tt\u00f6m\u00e4n kuvan Henry Cavillista Ter\u00e4smiehen\u00e4. Kuvatekstiss\u00e4 luki \u201dHenry in his natural setting\u201d.&hellip;\n","protected":false},"author":2,"featured_media":80524,"comment_status":"","ping_status":"","sticky":false,"template":"","format":"standard","meta":{"footnotes":""},"categories":[131],"tags":[155,137,33,173,31,30,172,32,109],"class_list":{"0":"post-80523","1":"post","2":"type-post","3":"status-publish","4":"format-standard","5":"has-post-thumbnail","7":"category-elokuvat","8":"tag-elokuvat","9":"tag-entertainment","10":"tag-fi","11":"tag-film","12":"tag-finland","13":"tag-finnish","14":"tag-movies","15":"tag-suomi","16":"tag-viihde"},"share_on_mastodon":{"url":"https:\/\/pubeurope.com\/@fi\/115489890834516737","error":""},"_links":{"self":[{"href":"https:\/\/www.europesays.com\/fi\/wp-json\/wp\/v2\/posts\/80523","targetHints":{"allow":["GET"]}}],"collection":[{"href":"https:\/\/www.europesays.com\/fi\/wp-json\/wp\/v2\/posts"}],"about":[{"href":"https:\/\/www.europesays.com\/fi\/wp-json\/wp\/v2\/types\/post"}],"author":[{"embeddable":true,"href":"https:\/\/www.europesays.com\/fi\/wp-json\/wp\/v2\/users\/2"}],"replies":[{"embeddable":true,"href":"https:\/\/www.europesays.com\/fi\/wp-json\/wp\/v2\/comments?post=80523"}],"version-history":[{"count":0,"href":"https:\/\/www.europesays.com\/fi\/wp-json\/wp\/v2\/posts\/80523\/revisions"}],"wp:featuredmedia":[{"embeddable":true,"href":"https:\/\/www.europesays.com\/fi\/wp-json\/wp\/v2\/media\/80524"}],"wp:attachment":[{"href":"https:\/\/www.europesays.com\/fi\/wp-json\/wp\/v2\/media?parent=80523"}],"wp:term":[{"taxonomy":"category","embeddable":true,"href":"https:\/\/www.europesays.com\/fi\/wp-json\/wp\/v2\/categories?post=80523"},{"taxonomy":"post_tag","embeddable":true,"href":"https:\/\/www.europesays.com\/fi\/wp-json\/wp\/v2\/tags?post=80523"}],"curies":[{"name":"wp","href":"https:\/\/api.w.org\/{rel}","templated":true}]}}