{"id":80527,"date":"2025-11-04T05:59:06","date_gmt":"2025-11-04T05:59:06","guid":{"rendered":"https:\/\/www.europesays.com\/fi\/80527\/"},"modified":"2025-11-04T05:59:06","modified_gmt":"2025-11-04T05:59:06","slug":"suvi-terasniskan-esiintyminen-elamani-biisissa-keraa-hehkutusta-kauden-upein","status":"publish","type":"post","link":"https:\/\/www.europesays.com\/fi\/80527\/","title":{"rendered":"Suvi Ter\u00e4sniskan esiintyminen El\u00e4m\u00e4ni biisiss\u00e4 ker\u00e4\u00e4 hehkutusta: &#8221;Kauden upein&#8221;"},"content":{"rendered":"<p><strong>Suvi Ter\u00e4sniska<\/strong> esiintyi El\u00e4m\u00e4ni biisi -ohjelmassa viime viikonloppuna. Yleis\u00f6 sai nauttia Suvin kahdesta t\u00e4ydellisest\u00e4 esityksest\u00e4. <\/p>\n<p>Suvi lauloi lavalla <strong>Bj\u00f6rk<\/strong>-nimisen artistin Bachelorette-kappaleen. Samaisessa jaksossa Suvi esiintyi my\u00f6s veljens\u00e4 <strong>Oskari Ter\u00e4sniskan<\/strong> kanssa. Suvi muistelee viikonlopun esityst\u00e4 l\u00e4mm\u00f6ll\u00e4 Instagramissaan, ja kirjoittaa kauniilla tavalla veljest\u00e4\u00e4n n\u00e4in:<\/p>\n<p>Lue my\u00f6s: <a href=\"https:\/\/www.como.fi\/uutiset\/suvi-terasniska-roikkui-kaulassa-ja-korvissa-kiinni-mita-ihmetta\/\" title=\"Suvi Ter\u00e4sniska roikkui kaulassa ja korvissa kiinni \u2013 mit\u00e4 ihmett\u00e4!\" class=\"underline-custom !font-montserrat !font-bold !underline-offset-4 !decoration-4 !decoration-red-600 !text-md\" rel=\"nofollow noopener\" target=\"_blank\">Suvi Ter\u00e4sniska roikkui kaulassa ja korvissa kiinni \u2013 mit\u00e4 ihmett\u00e4!<\/a><\/p>\n<p>Lue my\u00f6s: <a href=\"https:\/\/www.como.fi\/uutiset\/tarkeaa-tietoa-elamani-biisi-sarjassa-ihastuttavan-suvi-terasniskan-faneille-nyt-alkaa-olla-jo-todella-kiire\/\" title=\"T\u00e4rke\u00e4\u00e4 tietoa El\u00e4m\u00e4ni biisi -sarjassa ihastuttavan Suvi Ter\u00e4sniskan faneille: nyt alkaa olla jo todella kiire\" class=\"underline-custom !font-montserrat !font-bold !underline-offset-4 !decoration-4 !decoration-red-600 !text-md\" rel=\"nofollow noopener\" target=\"_blank\">T\u00e4rke\u00e4\u00e4 tietoa El\u00e4m\u00e4ni biisi -sarjassa ihastuttavan Suvi Ter\u00e4sniskan faneille: nyt alkaa olla jo todella kiire<\/a><\/p>\n<p>\u201dSusta kasvoi aikuinen vaikka olisin aina halunnut pit\u00e4\u00e4 sut pienen\u00e4 \u2665\ufe0f M\u00e4 oon maailman eniten ylpein miten hieno ja vastuuntuntoinen ihminen susta on tullut. Ja vaikka ootkin aikuinen, oot silti aina mun pikkuveikka. T\u00e4\u00e4h\u00e4n ei suinkaan ollut meid\u00e4n ensiesiintyminen telkkarissa vaan esiinnyttiin aikanaan Korkojen kera -ohjelmassa vuonna 2013. Mutta t\u00e4\u00e4 oli jotain niin paljon maagisempaa.\u201d<\/p>\n<p>Suvin fanit ovat olleet molemmista esityksist\u00e4 p\u00e4hkin\u00f6in\u00e4. Alla kommetteja.<\/p>\n<p>\u201dSiis NIIIIIIIIIIN ihana\u201d<\/p>\n<p>\u201dhienoin\u201d<\/p>\n<p>\u201dEn kest\u00e4 ihanaa\u201d<\/p>\n<p>\u201dihanaihanaihana\u201d<\/p>\n<p>Katso kuvat esityksest\u00e4 ja kirjoitus alta.<\/p>\n<p>Lue my\u00f6s: <a href=\"https:\/\/www.como.fi\/tilaa-comon-uutiskirje\/\" title=\"Tilaa Comon uutiskirje ja tied\u00e4t mist\u00e4 kahvitauolla puhutaan! Nappaa kotimaan tv-vinkit ja puheenaiheet suoraan s\u00e4hk\u00f6postiin t\u00e4st\u00e4.\" class=\"underline-custom !font-montserrat !font-bold !underline-offset-4 !decoration-4 !decoration-red-600 !text-md\" rel=\"nofollow noopener\" target=\"_blank\">Tilaa Comon uutiskirje ja tied\u00e4t mist\u00e4 kahvitauolla puhutaan! Nappaa kotimaan tv-vinkit ja puheenaiheet suoraan s\u00e4hk\u00f6postiin t\u00e4st\u00e4.<\/a><\/p>\n","protected":false},"excerpt":{"rendered":"Suvi Ter\u00e4sniska esiintyi El\u00e4m\u00e4ni biisi -ohjelmassa viime viikonloppuna. Yleis\u00f6 sai nauttia Suvin kahdesta t\u00e4ydellisest\u00e4 esityksest\u00e4. Suvi lauloi lavalla&hellip;\n","protected":false},"author":2,"featured_media":80528,"comment_status":"","ping_status":"","sticky":false,"template":"","format":"standard","meta":{"footnotes":""},"categories":[130],"tags":[137,33,31,30,32,6416,109],"class_list":{"0":"post-80527","1":"post","2":"type-post","3":"status-publish","4":"format-standard","5":"has-post-thumbnail","7":"category-viihde","8":"tag-entertainment","9":"tag-fi","10":"tag-finland","11":"tag-finnish","12":"tag-suomi","13":"tag-suvi-teru00e4sniska","14":"tag-viihde"},"share_on_mastodon":{"url":"https:\/\/pubeurope.com\/@fi\/115489902611040234","error":""},"_links":{"self":[{"href":"https:\/\/www.europesays.com\/fi\/wp-json\/wp\/v2\/posts\/80527","targetHints":{"allow":["GET"]}}],"collection":[{"href":"https:\/\/www.europesays.com\/fi\/wp-json\/wp\/v2\/posts"}],"about":[{"href":"https:\/\/www.europesays.com\/fi\/wp-json\/wp\/v2\/types\/post"}],"author":[{"embeddable":true,"href":"https:\/\/www.europesays.com\/fi\/wp-json\/wp\/v2\/users\/2"}],"replies":[{"embeddable":true,"href":"https:\/\/www.europesays.com\/fi\/wp-json\/wp\/v2\/comments?post=80527"}],"version-history":[{"count":0,"href":"https:\/\/www.europesays.com\/fi\/wp-json\/wp\/v2\/posts\/80527\/revisions"}],"wp:featuredmedia":[{"embeddable":true,"href":"https:\/\/www.europesays.com\/fi\/wp-json\/wp\/v2\/media\/80528"}],"wp:attachment":[{"href":"https:\/\/www.europesays.com\/fi\/wp-json\/wp\/v2\/media?parent=80527"}],"wp:term":[{"taxonomy":"category","embeddable":true,"href":"https:\/\/www.europesays.com\/fi\/wp-json\/wp\/v2\/categories?post=80527"},{"taxonomy":"post_tag","embeddable":true,"href":"https:\/\/www.europesays.com\/fi\/wp-json\/wp\/v2\/tags?post=80527"}],"curies":[{"name":"wp","href":"https:\/\/api.w.org\/{rel}","templated":true}]}}