{"id":80531,"date":"2025-11-04T06:04:07","date_gmt":"2025-11-04T06:04:07","guid":{"rendered":"https:\/\/www.europesays.com\/fi\/80531\/"},"modified":"2025-11-04T06:04:07","modified_gmt":"2025-11-04T06:04:07","slug":"auerin-nuorin-lapsi-paasee-aaneen-oikeudessa-hs-seuraa-hetki-hetkelta","status":"publish","type":"post","link":"https:\/\/www.europesays.com\/fi\/80531\/","title":{"rendered":"Auerin nuorin lapsi p\u00e4\u00e4see \u00e4\u00e4neen oikeudessa \u2013 HS seuraa hetki hetkelt\u00e4"},"content":{"rendered":"<p>Anneli Auerin tapaus|Anneli Auerin nuorin lapsi p\u00e4\u00e4see \u00e4\u00e4neen oikeudessa. H\u00e4n on kertonut, etteiv\u00e4t h\u00e4nen lapsena antamansa kertomukset \u00e4idin tekemisist\u00e4 olleet totta.<\/p>\n<p>Lue tiivistelm\u00e4<\/p>\n<p>Tiivistelm\u00e4 on teko\u00e4lyn tekem\u00e4 ja ihmisen tarkistama.<\/p>\n<p class=\"article-body mb-nof-24 px-nof-16 sndp-summary-bullet-point-font\">Varsinais-Suomen k\u00e4r\u00e4j\u00e4oikeudessa kuullaan Anneli Auerin nuorinta lasta kaksi p\u00e4iv\u00e4\u00e4 julkisessa istunnossa.<\/p>\n<p class=\"article-body mb-nof-24 px-nof-16 sndp-summary-bullet-point-font\">Oikeus k\u00e4y l\u00e4pi lapsen oikeuspsykologisia haastatteluja vuodelta 2011, jolloin h\u00e4n oli seitsem\u00e4nvuotias.<\/p>\n<p class=\"article-body mb-nof-24 px-nof-16 sndp-summary-bullet-point-font\">Auerin lapset ovat peruneet lapsuudessa antamansa kertomukset ja v\u00e4itt\u00e4v\u00e4t sijaisvanhempien manipuloineen heit\u00e4.<\/p>\n<p class=\"article-body mb-nof-24 px-nof-16 sndp-summary-bullet-point-font\">21-vuotias nuorin lapsi katuu lausuntojaan ja toivoo oikeuden selvitt\u00e4v\u00e4n, miten tarinat syntyiv\u00e4t.<\/p>\n<p class=\"article-body mb-nof-24 px-nof-16\">Varsinais-Suomen k\u00e4r\u00e4j\u00e4oikeudessa kuullaan tiistaina ja keskiviikkona Anneli Auerin nuorinta lasta, joka on nyt 21-vuotias. H\u00e4nt\u00e4 kuullaan kahden p\u00e4iv\u00e4n ajan julkisessa istunnossa, sill\u00e4 Auerin lapset ovat toivoneet k\u00e4sittelyn olevan mahdollisimman avoin.<\/p>\n<p class=\"article-body mb-nof-24 px-nof-16\">Oikeus k\u00e4y samalla l\u00e4pi h\u00e4nen lapsuudessaan tehtyj\u00e4 videoituja oikeuspsykologisia haastatteluja vuodelta 2011, jolloin tytt\u00f6 oli seitsem\u00e4nvuotias.<\/p>\n<p class=\"article-body mb-nof-24 px-nof-16\">Seuraavien viikkojen aikana oikeus kuulee kaikkia Auerin lapsia. Lasten kuuleminen on yksi oikeudenk\u00e4ynnin herkimmist\u00e4 vaiheista. Kolmen nuorimman lapsen kertomukset olivat aikanaan ratkaisevassa asemassa, kun Anneli Auer ja h\u00e4nen entinen miesyst\u00e4v\u00e4ns\u00e4 <a class=\"article-personlink\" href=\"https:\/\/www.hs.fi\/haku\/?query=Jens%20Kukka\" rel=\"nofollow noopener\" target=\"_blank\">Jens Kukka<\/a> tuomittiin yli kymmenen vuotta sitten seksuaali- ja v\u00e4kivaltarikoksista.<\/p>\n<p class=\"article-body mb-nof-24 px-nof-16\">Nuorin lapsi kertoi vuonna 2011 tapahtumista, joita h\u00e4n sanoi n\u00e4hneens\u00e4 vain 3\u20134-vuotiaana. H\u00e4n kuvasi aikuisia oudoissa tilanteissa ja kertoi tarinoita, joissa esiintyi muun muassa rituaaleja ja seksileluja, joita teipattiin p\u00e4\u00e4h\u00e4n pirunsarviksi.<\/p>\n<p class=\"article-body mb-nof-24 px-nof-16\">Asiantuntijoiden mukaan osa kuvauksista vaikutti mielikuvituksellisilta ja lapsen ik\u00e4 teki muistikuvista ep\u00e4varmoja. Oikeuspsykologit arvioivat my\u00f6s, ett\u00e4 tarinoiden kertominen alkoi sijaisperheess\u00e4 ja saattoi saada vaikutteita aikuisten kysymyksist\u00e4.<\/p>\n<p class=\"article-body mb-nof-24 px-nof-16\">Auerin lapset ovat my\u00f6hemmin peruneet lapsuudessa antamansa kertomukset. He v\u00e4itt\u00e4v\u00e4t, ett\u00e4 sijaisvanhemmat, Auerin veli ja t\u00e4m\u00e4n vaimo, manipuloivat ja johdattelivat heit\u00e4 kertomaan valheellisia tarinoita. Nuorimman lapsen mukaan tarinat alkoivat kes\u00e4ll\u00e4 2011, kun h\u00e4n joutui veneen viiltelyst\u00e4 syytettyn\u00e4 ruokarangaistukseen. Pian sen j\u00e4lkeen h\u00e4n kertoi n\u00e4hneens\u00e4, ett\u00e4 \u00e4iti tappoi is\u00e4n, ja rangaistus p\u00e4\u00e4ttyi siihen.<\/p>\n<p class=\"article-body mb-nof-24 px-nof-16\">Aikuistuneiden lasten mukaan sijaisvanhemmat valmensivat heit\u00e4 ennen viranomaiskuulemisia k\u00e4ym\u00e4ll\u00e4 l\u00e4pi, mit\u00e4 piti sanoa. Jos lapset yrittiv\u00e4t kertoa, etteiv\u00e4t tarinat olleet tosia, sijaisvanhemmat suuttuivat ja ohjeistivat:<\/p>\n<p class=\"article-body mb-nof-24 px-nof-16\">\u201d\u00c4lk\u00e4\u00e4 suojelko niit\u00e4.\u201d<\/p>\n<p class=\"article-body mb-nof-24 px-nof-16\">Kolme nuorinta lasta muuttivat pois sijaisperheest\u00e4 ennen t\u00e4ysi-ik\u00e4isyytt\u00e4\u00e4n. Nuorin lapsista ei n\u00e4hnyt \u00e4iti\u00e4\u00e4n tai vanhinta siskoaan yli kymmeneen vuoteen. H\u00e4n on kertonut h\u00e4venneens\u00e4 niin, ettei uskaltanut pit\u00e4\u00e4 yhteytt\u00e4.<\/p>\n<p class=\"article-body mb-nof-24 px-nof-16\">21-vuotias on sanonut katuvansa lapsena antamiaan lausuntoja ja toivovansa, ett\u00e4 oikeus selvitt\u00e4\u00e4, miten h\u00e4nen ja sisarustensa tarinat syntyiv\u00e4t.<\/p>\n<p class=\"article-body mb-nof-24 px-nof-16\">HS seuraa istuntoa Varsinais-Suomen k\u00e4r\u00e4j\u00e4oikeudessa.<\/p>\n","protected":false},"excerpt":{"rendered":"Anneli Auerin tapaus|Anneli Auerin nuorin lapsi p\u00e4\u00e4see \u00e4\u00e4neen oikeudessa. H\u00e4n on kertonut, etteiv\u00e4t h\u00e4nen lapsena antamansa kertomukset \u00e4idin&hellip;\n","protected":false},"author":2,"featured_media":80532,"comment_status":"","ping_status":"","sticky":false,"template":"","format":"standard","meta":{"footnotes":""},"categories":[12],"tags":[22,23,26,27,33,31,30,17,46,24,25,28,29,15,18,21,32,19,20,16],"class_list":{"0":"post-80531","1":"post","2":"type-post","3":"status-publish","4":"format-standard","5":"has-post-thumbnail","7":"category-suomi","8":"tag-breaking-news","9":"tag-breakingnews","10":"tag-featured-news","11":"tag-featurednews","12":"tag-fi","13":"tag-finland","14":"tag-finnish","15":"tag-headlines","16":"tag-helsingin-sanomat","17":"tag-latest-news","18":"tag-latestnews","19":"tag-main-news","20":"tag-mainnews","21":"tag-news","22":"tag-otsikot","23":"tag-paauutiset","24":"tag-suomi","25":"tag-top-stories","26":"tag-topstories","27":"tag-uutiset"},"share_on_mastodon":{"url":"https:\/\/pubeurope.com\/@fi\/115489922442930351","error":""},"_links":{"self":[{"href":"https:\/\/www.europesays.com\/fi\/wp-json\/wp\/v2\/posts\/80531","targetHints":{"allow":["GET"]}}],"collection":[{"href":"https:\/\/www.europesays.com\/fi\/wp-json\/wp\/v2\/posts"}],"about":[{"href":"https:\/\/www.europesays.com\/fi\/wp-json\/wp\/v2\/types\/post"}],"author":[{"embeddable":true,"href":"https:\/\/www.europesays.com\/fi\/wp-json\/wp\/v2\/users\/2"}],"replies":[{"embeddable":true,"href":"https:\/\/www.europesays.com\/fi\/wp-json\/wp\/v2\/comments?post=80531"}],"version-history":[{"count":0,"href":"https:\/\/www.europesays.com\/fi\/wp-json\/wp\/v2\/posts\/80531\/revisions"}],"wp:featuredmedia":[{"embeddable":true,"href":"https:\/\/www.europesays.com\/fi\/wp-json\/wp\/v2\/media\/80532"}],"wp:attachment":[{"href":"https:\/\/www.europesays.com\/fi\/wp-json\/wp\/v2\/media?parent=80531"}],"wp:term":[{"taxonomy":"category","embeddable":true,"href":"https:\/\/www.europesays.com\/fi\/wp-json\/wp\/v2\/categories?post=80531"},{"taxonomy":"post_tag","embeddable":true,"href":"https:\/\/www.europesays.com\/fi\/wp-json\/wp\/v2\/tags?post=80531"}],"curies":[{"name":"wp","href":"https:\/\/api.w.org\/{rel}","templated":true}]}}