{"id":80537,"date":"2025-11-04T06:17:10","date_gmt":"2025-11-04T06:17:10","guid":{"rendered":"https:\/\/www.europesays.com\/fi\/80537\/"},"modified":"2025-11-04T06:17:10","modified_gmt":"2025-11-04T06:17:10","slug":"kari-tykalta-rehellinen-ulostulo-ei-riita-paukut","status":"publish","type":"post","link":"https:\/\/www.europesays.com\/fi\/80537\/","title":{"rendered":"Kari Tyk\u00e4lt\u00e4 rehellinen ulostulo: &#8221;Ei riit\u00e4 paukut&#8230;&#8221;"},"content":{"rendered":"<p>            Seiskan arkisto\n        <\/p>\n<p class=\"subtitle \">Yhdell\u00e4 videolla Karita matkaa veneell\u00e4 kohti asuntoa, ja videolla n\u00e4kyykin hulppea rakennus puiden keskell\u00e4.<\/p>\n<p class=\"article-content article-content-width !bg-background\">Muun muassa kulttielokuva Ponterosasta tuttu  on menestynyt hyvinvointivaikuttaja.<\/p>\n<p class=\"article-content article-content-width !bg-background\">Karitan el\u00e4m\u00e4ss\u00e4 on tapahtunut kaikenlaista jo pelk\u00e4st\u00e4\u00e4n t\u00e4m\u00e4n vuoden aikana.<\/p>\n<p class=\"article-content article-content-width !bg-background\"> kanssa naimisissa vuodesta 2008 asti ollut Karita j\u00e4tti avioerohakemuksen kev\u00e4\u00e4ll\u00e4.<\/p>\n<p class=\"article-content article-content-width !bg-background\">Pariskunnalla on my\u00f6s vuonna 2010 syntynyt -poika.<\/p>\n<p>        <a itemprop=\"url\" href=\"https:\/\/www.seiska.fi\/kotimaa\/karita-tykan-ex-mies-julkaisi-hurjan-kuvan\/1960521\" rel=\"nofollow noopener\" target=\"_blank\"><\/p>\n<p>\nKarita Tyk\u00e4n ex-mies\n<\/p>\n<p class=\"section-date\">\n        <strong class=\"article-section\" data-section=\"kotimaa\"><br \/>\n            kotimaa<br \/>\n        <\/strong><br \/>\n        14.10. 19:00\n    <\/p>\n<p>Karita Tyk\u00e4n ex-mies julkaisi hurjan kuvan!\n    <\/p>\n<p itemprop=\"description\" class=\"subtitle \">\n    Siin\u00e4 miss\u00e4 Karita on ollut paljon esill\u00e4 eroilmoituksen j\u00e4lkeenkin, on Petri ollut hiljempaa.\n<\/p>\n<p>        <\/a><\/p>\n<p class=\"article-content article-content-width !bg-background\">Eron j\u00e4lkeen Karita muutti Seiskan tietojen mukaan melko l\u00e4helle entist\u00e4 Suvisaaristossa sijaitsevaa asuntoaan vuokralle Lucan kanssa.<\/p>\n<p>                <img decoding=\"async\" src=\"https:\/\/www.europesays.com\/fi\/wp-content\/uploads\/2025\/11\/1960575.webp\" width=\"576\" height=\"720\" alt=\"Karita ja Petri meniv\u00e4t naimisiin vuonna 2008.\" loading=\"lazy\" \/>            <\/p>\n<p>\n            Karita ja Petri meniv\u00e4t naimisiin vuonna 2008.<br \/>\n            Allerin arkisto\n        <\/p>\n<p>Uusi koti<\/p>\n<p class=\"article-content article-content-width !bg-background\">Ex-parin yhteinen \u00f6kykoti on edelleen myynniss\u00e4, ja siit\u00e4 pyydet\u00e4\u00e4n 2 990 000 euroa.<\/p>\n<p class=\"article-content article-content-width !bg-background\">Aiemmin pyynt\u00f6 oli viel\u00e4 korkeampi: 3 750 000 euroa.<\/p>\n<p>        <a itemprop=\"url\" href=\"https:\/\/www.seiska.fi\/kotimaa\/sormus-nimettomassa-heratti-ihmetysta-nyt-puhuu-karita-tykka\/1843861\" rel=\"nofollow noopener\" target=\"_blank\"><\/p>\n<p>\nNyt puhuu Karita Tykk\u00e4\n<\/p>\n<p class=\"section-date\">\n        <strong class=\"article-section\" data-section=\"kotimaa\"><br \/>\n            kotimaa<br \/>\n        <\/strong><br \/>\n        20.6. 18:30\n    <\/p>\n<p>Sormus nimett\u00f6m\u00e4ss\u00e4 her\u00e4tti ihmetyst\u00e4 \u2013 nyt puhuu Karita Tykk\u00e4\n    <\/p>\n<p itemprop=\"description\" class=\"subtitle \">\n    Karita Tykk\u00e4 n\u00e4ytteli kulttimaineeseen nousseessa Ponterosassa.\n<\/p>\n<p>        <\/a><\/p>\n<p class=\"article-content article-content-width !bg-background\">Nyt Karita on mennyt j\u00e4lleen eteenp\u00e4in, sill\u00e4 h\u00e4n kertoi viime viikolla somessa ostaneensa oman kodin.<\/p>\n<p class=\"article-content article-content-width !bg-background\">Instagramin stooreissa vilahtelivat avaimet, kauppakirja sek\u00e4 samppanjapullo.<\/p>\n<p>                <img decoding=\"async\" src=\"https:\/\/www.europesays.com\/fi\/wp-content\/uploads\/2025\/11\/1926982.webp\" width=\"576\" height=\"720\" alt=\"Karitalla vaikuttaa olevan jatkuvasti monta rautaa tulessa.\" loading=\"lazy\" \/>            <\/p>\n<p>\n            Karitalla vaikuttaa olevan jatkuvasti monta rautaa tulessa.<br \/>\n            Timo Korhonen\n        <\/p>\n<p>Henke\u00e4salpaavat maisemat <\/p>\n<p class=\"article-content article-content-width !bg-background\">Karitan uusi koti sijaitsee upeissa, merellisiss\u00e4 maisemissa.<\/p>\n<p class=\"article-content article-content-width !bg-background\">Kylm\u00e4uintiakin aktiivisesti harrastava Karita p\u00e4\u00e4see pulahtamaan uimaan suoraan omalta pihaltaan.<\/p>\n<p>        <a itemprop=\"url\" href=\"https:\/\/www.seiska.fi\/kotimaa\/karita-tykan-kostomekko-kaansi-paita-aivan-kuin-diana\/1678200\" rel=\"nofollow noopener\" target=\"_blank\"><\/p>\n<p>\nAivan kuin Diana!\n<\/p>\n<p class=\"section-date\">\n        <strong class=\"article-section\" data-section=\"kotimaa\"><br \/>\n            kotimaa<br \/>\n        <\/strong><br \/>\n        17.4. 17:30\n    <\/p>\n<p>Karita Tyk\u00e4n kostomekko k\u00e4\u00e4nsi p\u00e4it\u00e4 \u2013 aivan kuin Diana!\n    <\/p>\n<p itemprop=\"description\" class=\"subtitle \">\n    Dianan musta iltapuku oli jotakin aivan muuta kuin mit\u00e4 pid\u00e4ttyv\u00e4isilt\u00e4 ja konservatiivisilta kuningasperheen j\u00e4senilt\u00e4 olisi voinut odottaa.\n<\/p>\n<p>        <\/a><\/p>\n<p class=\"article-content article-content-width !bg-background\">Asunnossa on vaaleat puulattiat ja suuret, l\u00e4hes lattiasta kattoon ulottuvat ikkunat, joista avautuvat henke\u00e4salpaavat maisemat.<\/p>\n<p class=\"article-content article-content-width !bg-background\">Asunnon sijaintia Karita ei ole kertonut tarkemmin l\u00e4hes 90 000 Instagram-seuraajalleen.<\/p>\n<p>                <img decoding=\"async\" src=\"https:\/\/www.europesays.com\/fi\/wp-content\/uploads\/2025\/11\/1758623.webp\" width=\"576\" height=\"720\" alt=\"Miss Suomi vuosimallia 1997. Karita silloinen sukunimi oli Tuomola.\" loading=\"lazy\" \/>            <\/p>\n<p>\n            Miss Suomi vuosimallia 1997. Karita silloinen sukunimi oli Tuomola.<br \/>\n            Allerin arkisto\n        <\/p>\n<p>&#8221;Ei riit\u00e4 paukut\u2026&#8221;<\/p>\n<p class=\"article-content article-content-width !bg-background\">Viikonloppuna Karita kuitenkin jakoi useita stooreja asunnon sis\u00e4lt\u00e4 sek\u00e4 my\u00f6s hieman kauempaa ulkoa.<\/p>\n<p class=\"article-content article-content-width !bg-background\">Yhdess\u00e4 stoorissaan h\u00e4n matkaa veneell\u00e4 kohti asuntoa, ja videolla n\u00e4kyykin hulppea rakennus puiden keskell\u00e4.<\/p>\n<p>        <a itemprop=\"url\" href=\"https:\/\/www.seiska.fi\/kotimaa\/il-petri-tykalta-avoin-tilitys-karitasta\/1638865\" rel=\"nofollow noopener\" target=\"_blank\"><\/p>\n<p>\nIL:\n<\/p>\n<p class=\"section-date\">\n        <strong class=\"article-section\" data-section=\"kotimaa\"><br \/>\n            kotimaa<br \/>\n        <\/strong><br \/>\n        11.3. 07:10\n    <\/p>\n<p>IL: Petri Tyk\u00e4lt\u00e4 avoin tilitys Karitasta!\n    <\/p>\n<p itemprop=\"description\" class=\"subtitle \">\n    Iltalehden haastattelema Petri on pahoillaan, ettei voi luottaa muun muassa kulttielokuva Ponterosassa n\u00e4ytelleeseen Karitaan.\n<\/p>\n<p>        <\/a><\/p>\n<p class=\"article-content article-content-width !bg-background\">Puita ja vehreytt\u00e4 toden totta riitt\u00e4\u00e4.<\/p>\n<p class=\"article-content article-content-width !bg-background\">\u2013 Laituria suunniteltu, menee ensi kev\u00e4\u00e4seen \u2013 ei riit\u00e4 paukut\u2026, Karita kirjoittaa yhden kuvan yhteyteen, jossa ikkunasta avautuu n\u00e4kym\u00e4t merelle.<\/p>\n<p>Hommaa riitt\u00e4\u00e4<\/p>\n<p class=\"article-content article-content-width !bg-background\">Paukkuja vaaditaan, sill\u00e4 Karita esittelee stooreissaan my\u00f6s keitti\u00f6t\u00e4 \u2013 sit\u00e4 ei nimitt\u00e4in ole, vaan ky\u00f6kki on revitty kokonaan pois.<\/p>\n<p class=\"article-content article-content-width !bg-background\">\u2013 Toi sein\u00e4 l\u00e4htee tosta pois, Karita sanailee er\u00e4\u00e4ll\u00e4 videolla.<\/p>\n<p class=\"article-content article-content-width !bg-background\">Kun kyseinen sein\u00e4 puhkaistaan, se yhdist\u00e4\u00e4 juuri keitti\u00f6n ja toisen huoneen samaksi tilaksi.<\/p>\n<p class=\"article-content article-content-width !bg-background\">Samaisessa huoneessa on my\u00f6s pieni takka.<\/p>\n<p>                <img decoding=\"async\" src=\"https:\/\/www.europesays.com\/fi\/wp-content\/uploads\/2025\/11\/1677303.webp\" width=\"576\" height=\"274\" alt=\"Karita Tykk\u00e4 on t\u00e4n\u00e4 vuonna ensiintynyt my\u00f6s enemm\u00e4n julkisuudessa.\" loading=\"lazy\" \/>            <\/p>\n<p>\n            Karita Tykk\u00e4 on t\u00e4n\u00e4 vuonna ensiintynyt my\u00f6s enemm\u00e4n julkisuudessa.<br \/>\n            Atte Kajova\n        <\/p>\n<p>Muutto lienee viel\u00e4 kaukana<\/p>\n<p class=\"article-content article-content-width !bg-background\">Stooreista selvi\u00e4\u00e4 sekin, ett\u00e4 my\u00f6s muun muassa suihkuhuone ja moni muu asunnon tila tullaan uusimaan kokonaan.<\/p>\n<p class=\"article-content article-content-width !bg-background\">Lis\u00e4ksi useampi ovi tullaan vaihtamaan.<\/p>\n<p class=\"article-content article-content-width !bg-background\">Yht\u00e4 kaikki, Karitan uusi asunto on melko lailla tyhjill\u00e4\u00e4n, ja se tullaan ilmeisesti remontoimaan todella perusteellisesti kauttaaltaan, mink\u00e4 vuoksi vuoden 1997 Miss Suomi tuskin tulee asumaan viel\u00e4 talossa hetkeen.<\/p>\n","protected":false},"excerpt":{"rendered":"Seiskan arkisto Yhdell\u00e4 videolla Karita matkaa veneell\u00e4 kohti asuntoa, ja videolla n\u00e4kyykin hulppea rakennus puiden keskell\u00e4. Muun muassa&hellip;\n","protected":false},"author":2,"featured_media":58592,"comment_status":"","ping_status":"","sticky":false,"template":"","format":"standard","meta":{"footnotes":""},"categories":[136],"tags":[2759,407,137,33,31,30,408,4835,212,3231,32,13367,109],"class_list":{"0":"post-80537","1":"post","2":"type-post","3":"status-publish","4":"format-standard","5":"has-post-thumbnail","7":"category-julkkikset","8":"tag-avioero","9":"tag-celebrities","10":"tag-entertainment","11":"tag-fi","12":"tag-finland","13":"tag-finnish","14":"tag-julkkikset","15":"tag-karita-tykka","16":"tag-lifestyle","17":"tag-remontti","18":"tag-suomi","19":"tag-uusi-koti","20":"tag-viihde"},"share_on_mastodon":{"url":"https:\/\/pubeurope.com\/@fi\/115489973630552278","error":""},"_links":{"self":[{"href":"https:\/\/www.europesays.com\/fi\/wp-json\/wp\/v2\/posts\/80537","targetHints":{"allow":["GET"]}}],"collection":[{"href":"https:\/\/www.europesays.com\/fi\/wp-json\/wp\/v2\/posts"}],"about":[{"href":"https:\/\/www.europesays.com\/fi\/wp-json\/wp\/v2\/types\/post"}],"author":[{"embeddable":true,"href":"https:\/\/www.europesays.com\/fi\/wp-json\/wp\/v2\/users\/2"}],"replies":[{"embeddable":true,"href":"https:\/\/www.europesays.com\/fi\/wp-json\/wp\/v2\/comments?post=80537"}],"version-history":[{"count":0,"href":"https:\/\/www.europesays.com\/fi\/wp-json\/wp\/v2\/posts\/80537\/revisions"}],"wp:featuredmedia":[{"embeddable":true,"href":"https:\/\/www.europesays.com\/fi\/wp-json\/wp\/v2\/media\/58592"}],"wp:attachment":[{"href":"https:\/\/www.europesays.com\/fi\/wp-json\/wp\/v2\/media?parent=80537"}],"wp:term":[{"taxonomy":"category","embeddable":true,"href":"https:\/\/www.europesays.com\/fi\/wp-json\/wp\/v2\/categories?post=80537"},{"taxonomy":"post_tag","embeddable":true,"href":"https:\/\/www.europesays.com\/fi\/wp-json\/wp\/v2\/tags?post=80537"}],"curies":[{"name":"wp","href":"https:\/\/api.w.org\/{rel}","templated":true}]}}