{"id":80538,"date":"2025-11-04T06:18:08","date_gmt":"2025-11-04T06:18:08","guid":{"rendered":"https:\/\/www.europesays.com\/fi\/80538\/"},"modified":"2025-11-04T06:18:08","modified_gmt":"2025-11-04T06:18:08","slug":"outokumpulaislahtoinen-puuseppa-antrei-hartikainen-valloittaa-maailmaa-paikalliset","status":"publish","type":"post","link":"https:\/\/www.europesays.com\/fi\/80538\/","title":{"rendered":"Outokumpulaisl\u00e4ht\u00f6inen puusepp\u00e4 Antrei Hartikainen valloittaa maailmaa | Paikalliset"},"content":{"rendered":"<p>Yksityisn\u00e4yttely museossa Helsingiss\u00e4 on eritt\u00e4in harvinaista herkkua, puhumattakaan laajasta yhteisty\u00f6st\u00e4 sveitsil\u00e4isen kellofirman kanssa. Outokummusta kotoisin oleva muotoilija Antrei Hartikainen saavutti molemmat.<\/p>\n<p>Harva taiteentekij\u00e4 saa koko el\u00e4m\u00e4ns\u00e4 aikana yksityisn\u00e4yttely\u00e4 museoon. Varsinkaan mihink\u00e4\u00e4n Suomen merkitt\u00e4vimmist\u00e4 museoista Helsingiss\u00e4.<\/p>\n","protected":false},"excerpt":{"rendered":"Yksityisn\u00e4yttely museossa Helsingiss\u00e4 on eritt\u00e4in harvinaista herkkua, puhumattakaan laajasta yhteisty\u00f6st\u00e4 sveitsil\u00e4isen kellofirman kanssa. Outokummusta kotoisin oleva muotoilija Antrei&hellip;\n","protected":false},"author":2,"featured_media":80539,"comment_status":"","ping_status":"","sticky":false,"template":"","format":"standard","meta":{"footnotes":""},"categories":[135],"tags":[389,387,388,390,137,33,31,30,104,6103,108,11587,32,394,485,393,391,392,398,5509,109],"class_list":{"0":"post-80538","1":"post","2":"type-post","3":"status-publish","4":"format-standard","5":"has-post-thumbnail","7":"category-taiteet-ja-suunnittelu","8":"tag-arts","9":"tag-arts-and-design","10":"tag-artsanddesign","11":"tag-design","12":"tag-entertainment","13":"tag-fi","14":"tag-finland","15":"tag-finnish","16":"tag-helsinki","17":"tag-kasityot","18":"tag-kulttuuri","19":"tag-outokumpu","20":"tag-suomi","21":"tag-suunnittelu","22":"tag-taide-yleista","23":"tag-taiteet","24":"tag-taiteet-ja-suunnittelu","25":"tag-taiteetsuunnittelu","26":"tag-taiteilija","27":"tag-teollinen-muotoilu","28":"tag-viihde"},"share_on_mastodon":{"url":"https:\/\/pubeurope.com\/@fi\/115489977335190817","error":""},"_links":{"self":[{"href":"https:\/\/www.europesays.com\/fi\/wp-json\/wp\/v2\/posts\/80538","targetHints":{"allow":["GET"]}}],"collection":[{"href":"https:\/\/www.europesays.com\/fi\/wp-json\/wp\/v2\/posts"}],"about":[{"href":"https:\/\/www.europesays.com\/fi\/wp-json\/wp\/v2\/types\/post"}],"author":[{"embeddable":true,"href":"https:\/\/www.europesays.com\/fi\/wp-json\/wp\/v2\/users\/2"}],"replies":[{"embeddable":true,"href":"https:\/\/www.europesays.com\/fi\/wp-json\/wp\/v2\/comments?post=80538"}],"version-history":[{"count":0,"href":"https:\/\/www.europesays.com\/fi\/wp-json\/wp\/v2\/posts\/80538\/revisions"}],"wp:featuredmedia":[{"embeddable":true,"href":"https:\/\/www.europesays.com\/fi\/wp-json\/wp\/v2\/media\/80539"}],"wp:attachment":[{"href":"https:\/\/www.europesays.com\/fi\/wp-json\/wp\/v2\/media?parent=80538"}],"wp:term":[{"taxonomy":"category","embeddable":true,"href":"https:\/\/www.europesays.com\/fi\/wp-json\/wp\/v2\/categories?post=80538"},{"taxonomy":"post_tag","embeddable":true,"href":"https:\/\/www.europesays.com\/fi\/wp-json\/wp\/v2\/tags?post=80538"}],"curies":[{"name":"wp","href":"https:\/\/api.w.org\/{rel}","templated":true}]}}