{"id":80594,"date":"2025-11-04T07:40:08","date_gmt":"2025-11-04T07:40:08","guid":{"rendered":"https:\/\/www.europesays.com\/fi\/80594\/"},"modified":"2025-11-04T07:40:08","modified_gmt":"2025-11-04T07:40:08","slug":"nyt-se-on-virallista-vuoden-2023-paras-tehoste-elokuva-saa-jatko-osan","status":"publish","type":"post","link":"https:\/\/www.europesays.com\/fi\/80594\/","title":{"rendered":"Nyt se on virallista &#8211; vuoden 2023 paras tehoste-elokuva saa jatko-osan"},"content":{"rendered":"<p>Kuva: \u00a9 TOHO CO., LTD.<\/p>\n<p>Vuoden 2023 Godzilla Minus One saa jatko-osan.<\/p>\n<p>Vuoden 2023 mainion <a href=\"https:\/\/muropaketti.com\/avainsana\/godzilla-minus-one\" rel=\"nofollow noopener\" target=\"_blank\">Godzilla Minus One<\/a> -elokuvan jatko-osan tuotanto on nyt virallisesti k\u00e4ynniss\u00e4. Japanilainen Toho-studio on julkaissut lyhyen videop\u00e4tk\u00e4n, joka paljastaa leffan nimen olevan Godzilla Minus Zero.  <\/p>\n<p>Takashi Yamazakin ohjaama Godzilla Minus One voitti vuoden 2024 maaliskuussa Oscar-palkinnon parhaista erikoistehosteista.<\/p>\n<p>My\u00f6s jatko-osan ohjaa ja k\u00e4sikirjoittaa Yamazaki, jonka johtama tiimi vastaa j\u00e4lleen my\u00f6s erikoistehosteista. <\/p>\n<p>Godzilla Minus Zero -jatko-osan juoni, n\u00e4yttelij\u00e4t tai ensi-ilta eiv\u00e4t ole viel\u00e4 selvill\u00e4. Mainosp\u00e4tk\u00e4 paljastaa sent\u00e4\u00e4n sen logon, joka on Yamazakin k\u00e4sialaa. Se mukailee edellisen elokuvan logoa.<\/p>\n<p>Godzilla Minus One ja sen mustavalkoinen versio nimelt\u00e4\u00e4n Godzilla Minus One Minus Color ovat katsottavissa kuukausimaksua vastaan Netflixist\u00e4. <\/p>\n<blockquote class=\"bluesky-embed\" data-bluesky-uri=\"at:\/\/did:plc:hqntodwb4l7abq6hoesl6eei\/app.bsky.feed.post\/3m4q6vvbmhk2l\" data-bluesky-cid=\"bafyreihx256itah3ct3kigz3ixgxawhxc5fjqbmsvr2v3bdmspd7fnyc54\" data-bluesky-embed-color-mode=\"system\">\n<p lang=\"en\">New Godzilla Film \u2013 Title Reveal<\/p>\n<p>GODZILLA -O.O (Godzilla Minus Zero)<\/p>\n<p><a href=\"https:\/\/bsky.app\/profile\/did:plc:hqntodwb4l7abq6hoesl6eei\/post\/3m4q6vvbmhk2l?ref_src=embed\" rel=\"nofollow noopener\" target=\"_blank\">[image or embed]<\/a><\/p>\n<p>\u2014 Daily Tokusatsu (<a href=\"https:\/\/bsky.app\/profile\/did:plc:hqntodwb4l7abq6hoesl6eei?ref_src=embed\" rel=\"nofollow noopener\" target=\"_blank\">@dailytokusatsu.bsky.social<\/a>) <a href=\"https:\/\/bsky.app\/profile\/did:plc:hqntodwb4l7abq6hoesl6eei\/post\/3m4q6vvbmhk2l?ref_src=embed\" rel=\"nofollow noopener\" target=\"_blank\">3. marraskuuta 2025 klo 16.06<\/a><\/p><\/blockquote>\n","protected":false},"excerpt":{"rendered":"Kuva: \u00a9 TOHO CO., LTD. Vuoden 2023 Godzilla Minus One saa jatko-osan. Vuoden 2023 mainion Godzilla Minus One&hellip;\n","protected":false},"author":2,"featured_media":80595,"comment_status":"","ping_status":"","sticky":false,"template":"","format":"standard","meta":{"footnotes":""},"categories":[131],"tags":[155,137,33,173,31,30,16816,16856,172,32,16857,109],"class_list":{"0":"post-80594","1":"post","2":"type-post","3":"status-publish","4":"format-standard","5":"has-post-thumbnail","7":"category-elokuvat","8":"tag-elokuvat","9":"tag-entertainment","10":"tag-fi","11":"tag-film","12":"tag-finland","13":"tag-finnish","14":"tag-godzilla","15":"tag-godzilla-minus-one","16":"tag-movies","17":"tag-suomi","18":"tag-takashi-yamazaki","19":"tag-viihde"},"share_on_mastodon":{"url":"https:\/\/pubeurope.com\/@fi\/115490299784356937","error":""},"_links":{"self":[{"href":"https:\/\/www.europesays.com\/fi\/wp-json\/wp\/v2\/posts\/80594","targetHints":{"allow":["GET"]}}],"collection":[{"href":"https:\/\/www.europesays.com\/fi\/wp-json\/wp\/v2\/posts"}],"about":[{"href":"https:\/\/www.europesays.com\/fi\/wp-json\/wp\/v2\/types\/post"}],"author":[{"embeddable":true,"href":"https:\/\/www.europesays.com\/fi\/wp-json\/wp\/v2\/users\/2"}],"replies":[{"embeddable":true,"href":"https:\/\/www.europesays.com\/fi\/wp-json\/wp\/v2\/comments?post=80594"}],"version-history":[{"count":0,"href":"https:\/\/www.europesays.com\/fi\/wp-json\/wp\/v2\/posts\/80594\/revisions"}],"wp:featuredmedia":[{"embeddable":true,"href":"https:\/\/www.europesays.com\/fi\/wp-json\/wp\/v2\/media\/80595"}],"wp:attachment":[{"href":"https:\/\/www.europesays.com\/fi\/wp-json\/wp\/v2\/media?parent=80594"}],"wp:term":[{"taxonomy":"category","embeddable":true,"href":"https:\/\/www.europesays.com\/fi\/wp-json\/wp\/v2\/categories?post=80594"},{"taxonomy":"post_tag","embeddable":true,"href":"https:\/\/www.europesays.com\/fi\/wp-json\/wp\/v2\/tags?post=80594"}],"curies":[{"name":"wp","href":"https:\/\/api.w.org\/{rel}","templated":true}]}}