{"id":80626,"date":"2025-11-04T08:27:09","date_gmt":"2025-11-04T08:27:09","guid":{"rendered":"https:\/\/www.europesays.com\/fi\/80626\/"},"modified":"2025-11-04T08:27:09","modified_gmt":"2025-11-04T08:27:09","slug":"marja-hintikka-sai-kamalia-uutisia-vielakin-totuttelen","status":"publish","type":"post","link":"https:\/\/www.europesays.com\/fi\/80626\/","title":{"rendered":"Marja Hintikka sai kamalia uutisia \u2013 \u201dViel\u00e4kin totuttelen\u201d"},"content":{"rendered":"<p>Juontaja <strong>Marja Hintikka<\/strong> kertoo somejulkaisussaan lokakuustaan. H\u00e4n m\u00e4\u00e4rittelee sen olleen hurjin lokakuu.<\/p>\n<p>\u2013 Onneksi aina ei tarvitse menn\u00e4 n\u00e4in tunteiden \u00e4\u00e4rilaidasta toiseen. Sain kamalia uutisia, joihin viel\u00e4kin totuttelen, avautuu Hintikka.<\/p>\n<p>Hintikka ei kerro, millaisen huonon uutisen h\u00e4n sai. Sen h\u00e4n paljastaa, kuinka juontaja <strong>Mikko Kek\u00e4l\u00e4isen<\/strong> antama suklaapatukka auttoi asiassa.<\/p>\n<p>Lue my\u00f6s: <a href=\"https:\/\/www.como.fi\/uutiset\/marja-hintikka-ja-ile-uusivuori-paattivat-asiasta-jo-kesalla-hengahdystauko\/\" title=\"Marja Hintikka ja Ile Uusivuori p\u00e4\u00e4ttiv\u00e4t asiasta jo kes\u00e4ll\u00e4 \u2013 heng\u00e4hdystauko!\" class=\"underline-custom !font-montserrat !font-bold !underline-offset-4 !decoration-4 !decoration-red-600 !text-md\" rel=\"nofollow noopener\" target=\"_blank\">Marja Hintikka ja Ile Uusivuori p\u00e4\u00e4ttiv\u00e4t asiasta jo kes\u00e4ll\u00e4 \u2013 heng\u00e4hdystauko!<\/a><\/p>\n<p>\u2013 Sain lokakuussa kamalan uutisen. Onneksi oli Kek\u00e4l\u00e4isen Mikon antamia Raidereita laukussa. (Vastustamme edelleen TWIX-nime\u00e4. Se on Raider), kirjoittaa Hintikka.<\/p>\n<p>Lokakuussa on tapahtunut jotain hyv\u00e4\u00e4kin, josta Hintikka kirjoittaa seuraavaksi.<\/p>\n<p>\u2013 Samoilla viikoilla oli my\u00f6s ihania j\u00e4lleenn\u00e4kemisi\u00e4 ja hienoja ty\u00f6juttuja. Ja lapset piti kaikessa toivoa yll\u00e4. T\u00e4t\u00e4 se on. El\u00e4m\u00e4. Valon ja varjojen hurjaa vaihtelua, paljastuu julkaisussa.<\/p>\n<p>Julkaisuun on tullut paljon syd\u00e4mi\u00e4. Yhden niist\u00e4 on laittanut juontaja <strong>Jaana Pelkonen<\/strong>. Pelkonen poseeraa yhdess\u00e4 julkaisun kuvassa Hintikan kanssa. <\/p>\n<p>Raider on saanut paljon kannatusta ja monet tuntuvat k\u00e4ytt\u00e4v\u00e4n sit\u00e4 edelleen my\u00f6s.<\/p>\n<p>Jos upotus ei n\u00e4y, avaa se auki <a href=\"https:\/\/www.instagram.com\/p\/DQjzwHICLep\/?utm_source=ig_web_copy_link&amp;igsh=MzRlODBiNWFlZA==\" target=\"_blank\" rel=\"noreferrer noopener nofollow\">t\u00e4st\u00e4<\/a>.<\/p>\n<p>Lue my\u00f6s: <a href=\"https:\/\/www.como.fi\/tilaa-comon-uutiskirje\/\" title=\"Tilaa Comon uutiskirje ja tied\u00e4t mist\u00e4 kahvitauolla puhutaan! Nappaa kotimaan tv-vinkit ja puheenaiheet suoraan s\u00e4hk\u00f6postiin t\u00e4st\u00e4.\" class=\"underline-custom !font-montserrat !font-bold !underline-offset-4 !decoration-4 !decoration-red-600 !text-md\" rel=\"nofollow noopener\" target=\"_blank\">Tilaa Comon uutiskirje ja tied\u00e4t mist\u00e4 kahvitauolla puhutaan! Nappaa kotimaan tv-vinkit ja puheenaiheet suoraan s\u00e4hk\u00f6postiin t\u00e4st\u00e4.<\/a><\/p>\n<p>\t\t\t<script async src=\"\/\/www.instagram.com\/embed.js\"><\/script><\/p>\n","protected":false},"excerpt":{"rendered":"Juontaja Marja Hintikka kertoo somejulkaisussaan lokakuustaan. H\u00e4n m\u00e4\u00e4rittelee sen olleen hurjin lokakuu. \u2013 Onneksi aina ei tarvitse menn\u00e4&hellip;\n","protected":false},"author":2,"featured_media":80627,"comment_status":"","ping_status":"","sticky":false,"template":"","format":"standard","meta":{"footnotes":""},"categories":[136],"tags":[407,137,33,31,30,408,3326,32,109],"class_list":{"0":"post-80626","1":"post","2":"type-post","3":"status-publish","4":"format-standard","5":"has-post-thumbnail","7":"category-julkkikset","8":"tag-celebrities","9":"tag-entertainment","10":"tag-fi","11":"tag-finland","12":"tag-finnish","13":"tag-julkkikset","14":"tag-marja-hintikka","15":"tag-suomi","16":"tag-viihde"},"share_on_mastodon":{"url":"https:\/\/pubeurope.com\/@fi\/115490484613859778","error":""},"_links":{"self":[{"href":"https:\/\/www.europesays.com\/fi\/wp-json\/wp\/v2\/posts\/80626","targetHints":{"allow":["GET"]}}],"collection":[{"href":"https:\/\/www.europesays.com\/fi\/wp-json\/wp\/v2\/posts"}],"about":[{"href":"https:\/\/www.europesays.com\/fi\/wp-json\/wp\/v2\/types\/post"}],"author":[{"embeddable":true,"href":"https:\/\/www.europesays.com\/fi\/wp-json\/wp\/v2\/users\/2"}],"replies":[{"embeddable":true,"href":"https:\/\/www.europesays.com\/fi\/wp-json\/wp\/v2\/comments?post=80626"}],"version-history":[{"count":0,"href":"https:\/\/www.europesays.com\/fi\/wp-json\/wp\/v2\/posts\/80626\/revisions"}],"wp:featuredmedia":[{"embeddable":true,"href":"https:\/\/www.europesays.com\/fi\/wp-json\/wp\/v2\/media\/80627"}],"wp:attachment":[{"href":"https:\/\/www.europesays.com\/fi\/wp-json\/wp\/v2\/media?parent=80626"}],"wp:term":[{"taxonomy":"category","embeddable":true,"href":"https:\/\/www.europesays.com\/fi\/wp-json\/wp\/v2\/categories?post=80626"},{"taxonomy":"post_tag","embeddable":true,"href":"https:\/\/www.europesays.com\/fi\/wp-json\/wp\/v2\/tags?post=80626"}],"curies":[{"name":"wp","href":"https:\/\/api.w.org\/{rel}","templated":true}]}}