{"id":80631,"date":"2025-11-04T08:35:10","date_gmt":"2025-11-04T08:35:10","guid":{"rendered":"https:\/\/www.europesays.com\/fi\/80631\/"},"modified":"2025-11-04T08:35:10","modified_gmt":"2025-11-04T08:35:10","slug":"tama-on-marko-anttilan-tilanne-nyt-avautui-huomenta-suomessa","status":"publish","type":"post","link":"https:\/\/www.europesays.com\/fi\/80631\/","title":{"rendered":"T\u00e4m\u00e4 on Marko Anttilan tilanne nyt \u2013 Avautui Huomenta Suomessa"},"content":{"rendered":"<p>Marko Anttila ja Kia Lehmuskoski vierailivat Huomenta Suomessa.<\/p>\n<p><img decoding=\"async\" class=\"image image-show image-preview\" src=\"https:\/\/www.europesays.com\/fi\/wp-content\/uploads\/2025\/11\/f2b1bc4770930f1597c0100b6a1852975d3dc42b232a181639caa371baa79474.jpg\" alt=\"\"\/><img decoding=\"async\" class=\"image image-show\" src=\"https:\/\/www.europesays.com\/fi\/wp-content\/uploads\/2025\/11\/1762121410_147_f2b1bc4770930f1597c0100b6a1852975d3dc42b232a181639caa371baa79474.jpg\" alt=\"\"\/><\/p>\n<p>Marko Anttilan ja Kia Lehmuskosken TTK-kisa j\u00e4i kesken. Atte Kajova<\/p>\n<p class=\"paragraph\">Ex-j\u00e4\u00e4kiekkoilija <a href=\"https:\/\/www.iltalehti.fi\/henkilot\/Marko Anttila\" class=\"article-link-person-page\" rel=\"nofollow noopener\" target=\"_blank\">Marko \u201dM\u00f6rk\u00f6\u201d Anttila<\/a> ja tanssiopettaja Kia Lehmuskoski vierailivat MTV:n <a href=\"https:\/\/www.mtv.fi\/video\/31e257f68f0b14116242\/tiistaina-4-marraskuuta\" rel=\"noopener nofollow\" target=\"_blank\">Huomenta Suomi -l\u00e4hetyksess\u00e4<\/a> tiistaiaamuna.<\/p>\n<p class=\"paragraph\">Tanssiparin TTK-kisa j\u00e4i kesken sunnuntaina Anttilan loukkaantumisen takia. Anttila kertoi ohjelmassa, mik\u00e4 jalan vointi on t\u00e4ll\u00e4 hetkell\u00e4.<\/p>\n<p class=\"paragraph\">\u2013 Sellainen, ettei sill\u00e4 ainakaan tanssita. Se on vamma ja sen kanssa on elett\u00e4v\u00e4. Selvit\u00e4\u00e4n varmaan kuukauden rauhakseen olemisella. Jotain positiivista kuitenkin.<\/p>\n<p class=\"paragraph\">Anttilalla oli sunnuntaina my\u00f6h\u00e4isempi saapuminen studiolle. Aikataulut mahdollistivat reippailun ja askelten treenaamisen fyysisesti.<\/p>\n<p class=\"paragraph\">\u2013 Siin\u00e4h\u00e4n tuo tapahtui ja lopun tied\u00e4mmekin.<\/p>\n<p class=\"paragraph\">Anttila kertoi, ettei heti tajunnut, ett\u00e4 illan tanssit j\u00e4isiv\u00e4t kesken.<\/p>\n<p class=\"paragraph\">\u2013 Mutta kun p\u00e4\u00e4si v\u00e4h\u00e4n rauhoittumaan ja tuntui silt\u00e4, ettei astuta edes k\u00e4velyaskelta, se alkoi olla siin\u00e4. Tietysti mentiin tutkimuksiin viel\u00e4, Anttila kertoi.<\/p>\n<p class=\"paragraph\">Lehmuskoski oli aamupalap\u00f6yd\u00e4ss\u00e4, kun Anttila soitti h\u00e4nelle. Sen j\u00e4lkeen alkoi pohdinta siit\u00e4, mit\u00e4 tehd\u00e4\u00e4n.<\/p>\n<p class=\"paragraph\">\u2013Marko l\u00e4hti l\u00e4\u00e4k\u00e4rille ja min\u00e4 studiolle. Olin studiolla meikiss\u00e4 ja minulle laitettiin halloween-maskia, enk\u00e4 tiennyt tanssinko t\u00e4n\u00e4\u00e4n vai en. Se oli aika kurja tilanne. Odotin tietoa, miten Marko voi, Lehmuskoski kertoi.<\/p>\n<p class=\"paragraph\">Lehmuskoski on joutunut j\u00e4tt\u00e4m\u00e4\u00e4n TTK:n kesken ennenkin. Vuonna 2023 Lehmuskosken tanssipari, n\u00e4yttelij\u00e4 <a href=\"https:\/\/www.iltalehti.fi\/henkilot\/Jarkko Niemi\" class=\"article-link-person-page\" rel=\"nofollow noopener\" target=\"_blank\">Jarkko Niemi<\/a> sairastui flunssaan. Vuonna 2020 Lehmuskosken parilta <a href=\"https:\/\/www.iltalehti.fi\/henkilot\/Niklas Hagman\" class=\"article-link-person-page\" rel=\"nofollow noopener\" target=\"_blank\">Niklas Hagmanilta<\/a> todettiin korona, mink\u00e4 vuoksi kisa j\u00e4i kesken.<\/p>\n<p class=\"paragraph\">Lehmuskoski ajattelee, ett\u00e4 h\u00e4nen kohdallaan on ollut huonoa tuuria.<\/p>\n<p class=\"paragraph\">\u2013 Siin\u00e4 mieless\u00e4 helpottavaa, etten itse aiheuttanut n\u00e4it\u00e4, mutta kyll\u00e4 tuntuu tosi pahalta. Ja siin\u00e4 mieless\u00e4 naureskelen itsekseni, ett\u00e4 toivottavasti joku haluaisi viel\u00e4 tanssia kanssani. Jos ohjelmaan viel\u00e4 tulen, niin \u00e4lk\u00e4\u00e4 pel\u00e4tk\u00f6.<\/p>\n<p class=\"paragraph\">Juontaja <strong>Jesse Kamras<\/strong> kysyi Anttilalta, mit\u00e4 aikoo ohjelman j\u00e4lkeen.<\/p>\n<p class=\"paragraph\">\u2013 Muutettiin Tampereelle juuri kun TTK-treenit alkoivat. Mies ei ole hirve\u00e4sti ollut paikalla. En edes tied\u00e4 miss\u00e4 mitalit ovat kun vaimo on joutunut muuttamaan, Anttila naurahtaa.<\/p>\n<p class=\"paragraph\">\u2013 Min\u00e4kin olen kuullut vaimolta, ett\u00e4 nyt miest\u00e4 voisi n\u00e4hd\u00e4 enemm\u00e4n kotona, Lehmuskoski t\u00e4ydent\u00e4\u00e4.<\/p>\n","protected":false},"excerpt":{"rendered":"Marko Anttila ja Kia Lehmuskoski vierailivat Huomenta Suomessa. Marko Anttilan ja Kia Lehmuskosken TTK-kisa j\u00e4i kesken. Atte Kajova&hellip;\n","protected":false},"author":2,"featured_media":79356,"comment_status":"","ping_status":"","sticky":false,"template":"","format":"standard","meta":{"footnotes":""},"categories":[130],"tags":[35,137,33,31,30,1143,1999,32,1145,140,139,109],"class_list":{"0":"post-80631","1":"post","2":"type-post","3":"status-publish","4":"format-standard","5":"has-post-thumbnail","7":"category-viihde","8":"tag-24h","9":"tag-entertainment","10":"tag-fi","11":"tag-finland","12":"tag-finnish","13":"tag-jaakiekko","14":"tag-suomalaiset-tv-ohjelmat","15":"tag-suomi","16":"tag-talviurheilu","17":"tag-tv-ja-elokuvat","18":"tag-tv-ohjelmat","19":"tag-viihde"},"share_on_mastodon":{"url":"https:\/\/pubeurope.com\/@fi\/115490516247819101","error":""},"_links":{"self":[{"href":"https:\/\/www.europesays.com\/fi\/wp-json\/wp\/v2\/posts\/80631","targetHints":{"allow":["GET"]}}],"collection":[{"href":"https:\/\/www.europesays.com\/fi\/wp-json\/wp\/v2\/posts"}],"about":[{"href":"https:\/\/www.europesays.com\/fi\/wp-json\/wp\/v2\/types\/post"}],"author":[{"embeddable":true,"href":"https:\/\/www.europesays.com\/fi\/wp-json\/wp\/v2\/users\/2"}],"replies":[{"embeddable":true,"href":"https:\/\/www.europesays.com\/fi\/wp-json\/wp\/v2\/comments?post=80631"}],"version-history":[{"count":0,"href":"https:\/\/www.europesays.com\/fi\/wp-json\/wp\/v2\/posts\/80631\/revisions"}],"wp:featuredmedia":[{"embeddable":true,"href":"https:\/\/www.europesays.com\/fi\/wp-json\/wp\/v2\/media\/79356"}],"wp:attachment":[{"href":"https:\/\/www.europesays.com\/fi\/wp-json\/wp\/v2\/media?parent=80631"}],"wp:term":[{"taxonomy":"category","embeddable":true,"href":"https:\/\/www.europesays.com\/fi\/wp-json\/wp\/v2\/categories?post=80631"},{"taxonomy":"post_tag","embeddable":true,"href":"https:\/\/www.europesays.com\/fi\/wp-json\/wp\/v2\/tags?post=80631"}],"curies":[{"name":"wp","href":"https:\/\/api.w.org\/{rel}","templated":true}]}}