{"id":80632,"date":"2025-11-04T08:36:11","date_gmt":"2025-11-04T08:36:11","guid":{"rendered":"https:\/\/www.europesays.com\/fi\/80632\/"},"modified":"2025-11-04T08:36:11","modified_gmt":"2025-11-04T08:36:11","slug":"peura-jai-kiinni-sarvistaan-riista-aitaan-naantalissa-ja-kuoli","status":"publish","type":"post","link":"https:\/\/www.europesays.com\/fi\/80632\/","title":{"rendered":"Peura j\u00e4i kiinni sarvistaan riista-aitaan Naantalissa ja kuoli"},"content":{"rendered":"<p class=\"teksti\">Pelastuslaitos irrotti tiistaiaamulla sarvistaan riista-aitaan kiinni j\u00e4\u00e4neen peuran Naantalissa Rym\u00e4ttyl\u00e4ntiell\u00e4. P\u00e4ivyst\u00e4v\u00e4 palomestari Masi Malin kertoo, ett\u00e4 peuraa yritettiin irrottamisen j\u00e4lkeen virvotella ja saada liikkeelle puolen tunnin ajan. Peura lopulta menehtyi.<\/p>\n<p class=\"teksti\">Tiedossa ei ole, kuinka kauan peura on ollut aidassa kiinni.<\/p>\n<p class=\"teksti\">Pelastuslaitos sai ilmoituksen el\u00e4inteht\u00e4v\u00e4st\u00e4 kello 7.42.<\/p>\n","protected":false},"excerpt":{"rendered":"Pelastuslaitos irrotti tiistaiaamulla sarvistaan riista-aitaan kiinni j\u00e4\u00e4neen peuran Naantalissa Rym\u00e4ttyl\u00e4ntiell\u00e4. P\u00e4ivyst\u00e4v\u00e4 palomestari Masi Malin kertoo, ett\u00e4 peuraa yritettiin&hellip;\n","protected":false},"author":2,"featured_media":80633,"comment_status":"","ping_status":"","sticky":false,"template":"","format":"standard","meta":{"footnotes":""},"categories":[112],"tags":[33,31,30,118,32,119],"class_list":{"0":"post-80632","1":"post","2":"type-post","3":"status-publish","4":"format-standard","5":"has-post-thumbnail","7":"category-tiede","8":"tag-fi","9":"tag-finland","10":"tag-finnish","11":"tag-science","12":"tag-suomi","13":"tag-tiede"},"share_on_mastodon":{"url":"https:\/\/pubeurope.com\/@fi\/115490519991135903","error":""},"_links":{"self":[{"href":"https:\/\/www.europesays.com\/fi\/wp-json\/wp\/v2\/posts\/80632","targetHints":{"allow":["GET"]}}],"collection":[{"href":"https:\/\/www.europesays.com\/fi\/wp-json\/wp\/v2\/posts"}],"about":[{"href":"https:\/\/www.europesays.com\/fi\/wp-json\/wp\/v2\/types\/post"}],"author":[{"embeddable":true,"href":"https:\/\/www.europesays.com\/fi\/wp-json\/wp\/v2\/users\/2"}],"replies":[{"embeddable":true,"href":"https:\/\/www.europesays.com\/fi\/wp-json\/wp\/v2\/comments?post=80632"}],"version-history":[{"count":0,"href":"https:\/\/www.europesays.com\/fi\/wp-json\/wp\/v2\/posts\/80632\/revisions"}],"wp:featuredmedia":[{"embeddable":true,"href":"https:\/\/www.europesays.com\/fi\/wp-json\/wp\/v2\/media\/80633"}],"wp:attachment":[{"href":"https:\/\/www.europesays.com\/fi\/wp-json\/wp\/v2\/media?parent=80632"}],"wp:term":[{"taxonomy":"category","embeddable":true,"href":"https:\/\/www.europesays.com\/fi\/wp-json\/wp\/v2\/categories?post=80632"},{"taxonomy":"post_tag","embeddable":true,"href":"https:\/\/www.europesays.com\/fi\/wp-json\/wp\/v2\/tags?post=80632"}],"curies":[{"name":"wp","href":"https:\/\/api.w.org\/{rel}","templated":true}]}}