{"id":80721,"date":"2025-11-04T10:37:07","date_gmt":"2025-11-04T10:37:07","guid":{"rendered":"https:\/\/www.europesays.com\/fi\/80721\/"},"modified":"2025-11-04T10:37:07","modified_gmt":"2025-11-04T10:37:07","slug":"tallaiseen-piinaan-mikko-koivu-herasi","status":"publish","type":"post","link":"https:\/\/www.europesays.com\/fi\/80721\/","title":{"rendered":"T\u00e4llaiseen piinaan Mikko Koivu her\u00e4si"},"content":{"rendered":"<p>Mikko Koivu on kertonut n\u00e4hneens\u00e4 Spotifysta, ett\u00e4 musiikkia soitattaa ex-vaimo Helena Koivu.<\/p>\n<p class=\"paragraph\">Ex-j\u00e4\u00e4kiekkoilija <a href=\"https:\/\/www.iltalehti.fi\/henkilot\/Mikko Koivu\" class=\"article-link-person-page\" rel=\"nofollow noopener\" target=\"_blank\">Mikko Koivu<\/a>, 42, her\u00e4si kes\u00e4kuussa 2024 pelottavaan tilanteeseen: kotitalossa pauhasi musiikki.<\/p>\n<p class=\"paragraph\">Mekkala oli niin kova, ett\u00e4 Koivu oletti jonkun murtautuvan sis\u00e4lle kiinteist\u00f6\u00f6n.<\/p>\n<p class=\"paragraph\">\u2013 Sit\u00e4 jatkui puolitoista tuntia, v\u00e4lill\u00e4 pois ja v\u00e4lill\u00e4 p\u00e4\u00e4ll\u00e4.<\/p>\n<p class=\"paragraph\">Kyse ei kuitenkaan ollut murtovarkaasta. Koivun v\u00e4itt\u00e4m\u00e4n mukaan musiikkia soitti et\u00e4yhteyden v\u00e4lityksell\u00e4 h\u00e4nen entinen puolisonsa <strong>Helena Koivu<\/strong>, 39. Mikko Koivu kertoi n\u00e4hneens\u00e4 musiikinsoittajan Spotify-tililt\u00e4\u00e4n.<\/p>\n<p class=\"paragraph\">Mikko Koivun oikeudenk\u00e4yntiavustaja <a href=\"https:\/\/www.iltalehti.fi\/henkilot\/Juha Manner\" class=\"article-link-person-page\" rel=\"nofollow noopener\" target=\"_blank\">Juha Mannerin<\/a> mukaan Helena Koivu soitti tarkoituksella sellaisia kappaleita, jotka aiheuttivat pelkoa Mikko Koivulle sek\u00e4 h\u00e4nen uudelle puolisolleen <strong>Natalie Koivulle<\/strong>.<\/p>\n<p class=\"paragraph\">Kaiuttimista soi muun muassa Imagine Dragonsin Thunder sek\u00e4 AC\/DC:n Highway to Hell.<\/p>\n<p class=\"paragraph\">Mikko Koivun mukaan ex-vaimo oli my\u00f6s kertaalleen murtautunut taloon rikkomalla hyttysverkon ja tunkeutumalla sis\u00e4\u00e4n ikkunasta.<\/p>\n<p class=\"paragraph\">\u2013 En tied\u00e4, mik\u00e4 h\u00e4nen tarkoituksensa on, miksi h\u00e4n haluaa m\u00f6kkiin. Sit\u00e4 pelk\u00e4\u00e4n, ett\u00e4 siell\u00e4 on kuitenkin minun ja Natalien henkil\u00f6kohtaisia tavaroita. Pelk\u00e4\u00e4n my\u00f6s, ett\u00e4 siell\u00e4 tehd\u00e4\u00e4n ilkivaltaa.<\/p>\n<p class=\"paragraph\">Ex-pariskunta on k\u00e4ynyt pitk\u00e4\u00e4n taistoa Kakskerran kiinteist\u00f6n omistajuudesta.<\/p>\n<p><img decoding=\"async\" class=\"image image-show image-preview\" src=\"https:\/\/www.europesays.com\/fi\/wp-content\/uploads\/2025\/11\/405b4ba0a5e48a8088cdd9e6ed05f45a7f7e7a1308719fc98f92d38f58025a02.jpg\" alt=\"\"\/><img decoding=\"async\" class=\"image image-show\" src=\"https:\/\/www.europesays.com\/fi\/wp-content\/uploads\/2025\/11\/1762252627_656_405b4ba0a5e48a8088cdd9e6ed05f45a7f7e7a1308719fc98f92d38f58025a02.jpg\" alt=\"\"\/><\/p>\n<p>Helena Koivu kiist\u00e4\u00e4 syyllistyneens\u00e4 rikoksiin. Anni Savolainen<\/p>\n<p class=\"paragraph\">Tapahtumiin Turun Kakskerrassa 21.\u201324. kes\u00e4kuuta 2024 liittyv\u00e4 oikeudenk\u00e4ynti on parhaillaan k\u00e4ynniss\u00e4 Varsinais-Suomen k\u00e4r\u00e4j\u00e4oikeudessa. Helena Koivua syytet\u00e4\u00e4n salakatselusta, kotirauhan rikkomisesta ja varkaudesta.<\/p>\n<p class=\"paragraph\">Helena Koivu on kiist\u00e4nyt syyllistyneens\u00e4 rikoksiin.<\/p>\n<p class=\"paragraph\">K\u00e4r\u00e4j\u00e4oikeus antaa tuomionsa n\u00e4ill\u00e4 n\u00e4kymin 21. marraskuuta.<\/p>\n<p>Helena Koivun v\u00e4itetyt teot aiheuttivat pelkoa Mikko Koivussa sek\u00e4 h\u00e4nen uudessa puolisossaan Natalie Koivussa. Anni Savolainen<\/p>\n","protected":false},"excerpt":{"rendered":"Mikko Koivu on kertonut n\u00e4hneens\u00e4 Spotifysta, ett\u00e4 musiikkia soitattaa ex-vaimo Helena Koivu. Ex-j\u00e4\u00e4kiekkoilija Mikko Koivu, 42, her\u00e4si kes\u00e4kuussa&hellip;\n","protected":false},"author":2,"featured_media":80722,"comment_status":"","ping_status":"","sticky":false,"template":"","format":"standard","meta":{"footnotes":""},"categories":[136],"tags":[35,138,407,137,33,31,30,408,47,141,976,38,32,109],"class_list":{"0":"post-80721","1":"post","2":"type-post","3":"status-publish","4":"format-standard","5":"has-post-thumbnail","7":"category-julkkikset","8":"tag-24h","9":"tag-audio","10":"tag-celebrities","11":"tag-entertainment","12":"tag-fi","13":"tag-finland","14":"tag-finnish","15":"tag-julkkikset","16":"tag-musiikki","17":"tag-muusikot-bandit","18":"tag-oikeusprosessit","19":"tag-rikos","20":"tag-suomi","21":"tag-viihde"},"share_on_mastodon":{"url":"https:\/\/pubeurope.com\/@fi\/115490995821517002","error":""},"_links":{"self":[{"href":"https:\/\/www.europesays.com\/fi\/wp-json\/wp\/v2\/posts\/80721","targetHints":{"allow":["GET"]}}],"collection":[{"href":"https:\/\/www.europesays.com\/fi\/wp-json\/wp\/v2\/posts"}],"about":[{"href":"https:\/\/www.europesays.com\/fi\/wp-json\/wp\/v2\/types\/post"}],"author":[{"embeddable":true,"href":"https:\/\/www.europesays.com\/fi\/wp-json\/wp\/v2\/users\/2"}],"replies":[{"embeddable":true,"href":"https:\/\/www.europesays.com\/fi\/wp-json\/wp\/v2\/comments?post=80721"}],"version-history":[{"count":0,"href":"https:\/\/www.europesays.com\/fi\/wp-json\/wp\/v2\/posts\/80721\/revisions"}],"wp:featuredmedia":[{"embeddable":true,"href":"https:\/\/www.europesays.com\/fi\/wp-json\/wp\/v2\/media\/80722"}],"wp:attachment":[{"href":"https:\/\/www.europesays.com\/fi\/wp-json\/wp\/v2\/media?parent=80721"}],"wp:term":[{"taxonomy":"category","embeddable":true,"href":"https:\/\/www.europesays.com\/fi\/wp-json\/wp\/v2\/categories?post=80721"},{"taxonomy":"post_tag","embeddable":true,"href":"https:\/\/www.europesays.com\/fi\/wp-json\/wp\/v2\/tags?post=80721"}],"curies":[{"name":"wp","href":"https:\/\/api.w.org\/{rel}","templated":true}]}}