{"id":80881,"date":"2025-11-04T14:18:09","date_gmt":"2025-11-04T14:18:09","guid":{"rendered":"https:\/\/www.europesays.com\/fi\/80881\/"},"modified":"2025-11-04T14:18:09","modified_gmt":"2025-11-04T14:18:09","slug":"tyontekija-oli-monta-kertaa-sanonut-etta-tyotehtava-on-vaarallinen-sitten-tapahtui-vakava-turma","status":"publish","type":"post","link":"https:\/\/www.europesays.com\/fi\/80881\/","title":{"rendered":"Ty\u00f6ntekij\u00e4 oli monta kertaa sanonut, ett\u00e4 ty\u00f6teht\u00e4v\u00e4 on vaarallinen \u2013 Sitten tapahtui vakava turma"},"content":{"rendered":"<p>Ty\u00f6ntekij\u00e4 loukkaantui vakavasti kesken ty\u00f6p\u00e4iv\u00e4n.<\/p>\n<p><img decoding=\"async\" class=\"image image-show image-preview\" src=\"https:\/\/www.europesays.com\/fi\/wp-content\/uploads\/2025\/11\/d2972bec4c5d60eb25932dd96488e4f144d4fc4b35a52889fc0e2ce687325842.jpg\" alt=\"\"\/><img decoding=\"async\" class=\"image image-show\" src=\"https:\/\/www.europesays.com\/fi\/wp-content\/uploads\/2025\/11\/1762265889_695_d2972bec4c5d60eb25932dd96488e4f144d4fc4b35a52889fc0e2ce687325842.jpg\" alt=\"\"\/><\/p>\n<p>Turun oikeustalo kuvattuna toukokuussa 2024. Eevi Karvinen<\/p>\n<p class=\"paragraph\">Huoltohenkil\u00f6n\u00e4 ty\u00f6skennellyt ty\u00f6ntekij\u00e4 loukkaantui vakavasti joulukuussa 2022, kun h\u00e4nen k\u00e4ytt\u00e4m\u00e4ns\u00e4 nojatikkaat luistivat j\u00e4\u00e4n p\u00e4\u00e4ll\u00e4.<\/p>\n<p class=\"paragraph\">Ty\u00f6ntekij\u00e4 oli suorittamassa tikkailla lipunnostoa talon sein\u00e4ss\u00e4 olevaan lipputankoon, kun h\u00e4n kaatui jalkak\u00e4yt\u00e4v\u00e4lle.<\/p>\n<p class=\"paragraph\">Ty\u00f6suojelutarkastuksen yhteydess\u00e4 selvisi, ett\u00e4 nojatikkaita k\u00e4ytettiin yrityksess\u00e4 yleisesti lipunnostoon, vaikka nojatikkaiden k\u00e4ytt\u00e4minen ty\u00f6alustana on kielletty.<\/p>\n<p class=\"paragraph\">Tarkastuksella selvisi my\u00f6s, ett\u00e4 ennen tekoaikaa ty\u00f6nantaja ei ollut huolehtinut velvollisuudestaan tehd\u00e4 ty\u00f6paikalla vaarojen arviointia lain edellytt\u00e4m\u00e4ll\u00e4 tavalla.<\/p>\n<p class=\"paragraph\">Varsinais-Suomen k\u00e4r\u00e4j\u00e4oikeus tuomitsi tiistaina ty\u00f6nantajan 40 p\u00e4iv\u00e4sakkoon. K\u00e4r\u00e4j\u00e4oikeus katsoi, ett\u00e4 ty\u00f6nantajan laiminly\u00f6nnit olivat my\u00f6t\u00e4vaikuttaneet siihen, ett\u00e4 ty\u00f6ntekij\u00e4 loukkaantui vakavasti.<\/p>\n<p class=\"paragraph\">Ty\u00f6nantaja itse katsoi, ettei ollut tahallaan eik\u00e4 huolimattomuudestaan laiminly\u00f6nyt velvollisuuttaan valvoa ty\u00f6turvallisuusm\u00e4\u00e4r\u00e4ysten noudattamista.<\/p>\n<p class=\"paragraph\">K\u00e4r\u00e4j\u00e4oikeuden tuomio ei ole lainvoimainen.<\/p>\n<p>Nojatikkaita k\u00e4ytettiin vuosia<\/p>\n<p class=\"paragraph\">Nojatikkaita oli k\u00e4ytetty s\u00e4\u00e4nn\u00f6llisesti lippujen nostamiseen kyseisess\u00e4 kohteessa ainakin yli kymmenen vuoden ajan.<\/p>\n<p class=\"paragraph\">Ty\u00f6ntekij\u00e4 oli kertonut ty\u00f6nantajalle useaan otteeseen menettelyn olevan vaarallinen.<\/p>\n<p class=\"paragraph\">Ty\u00f6nantajan tuomiossa otettiin huomioon menettelyn huomattava pitk\u00e4kestoisuus.<\/p>\n<p class=\"paragraph\">Ty\u00f6suojelujuristi <strong>Natalie Eklund<\/strong> muistuttaa Aluehallintoviraston tiedotteessa, ett\u00e4 ty\u00f6nantajan vastuulla on suunnitella ty\u00f6t siten, ett\u00e4 ne voidaan tehd\u00e4 turvallisesti.<\/p>\n<p class=\"paragraph\">\u2013 Nojatikkaiden k\u00e4ytt\u00f6 ty\u00f6alustana on kielletty\u00e4 ja ihan syyst\u00e4kin \u2013 niiss\u00e4 piilee vakava tapaturman riski, kuten t\u00e4m\u00e4kin tapaus valitettavasti sen osoitti, Eklund sanoo tiedotteessa.<\/p>\n","protected":false},"excerpt":{"rendered":"Ty\u00f6ntekij\u00e4 loukkaantui vakavasti kesken ty\u00f6p\u00e4iv\u00e4n. Turun oikeustalo kuvattuna toukokuussa 2024. Eevi Karvinen Huoltohenkil\u00f6n\u00e4 ty\u00f6skennellyt ty\u00f6ntekij\u00e4 loukkaantui vakavasti joulukuussa&hellip;\n","protected":false},"author":2,"featured_media":80882,"comment_status":"","ping_status":"","sticky":false,"template":"","format":"standard","meta":{"footnotes":""},"categories":[12],"tags":[35,22,23,26,27,33,31,30,17,53,24,25,121,28,29,15,18,21,32,19,20,860,3512,3515,16],"class_list":{"0":"post-80881","1":"post","2":"type-post","3":"status-publish","4":"format-standard","5":"has-post-thumbnail","7":"category-suomi","8":"tag-24h","9":"tag-breaking-news","10":"tag-breakingnews","11":"tag-featured-news","12":"tag-featurednews","13":"tag-fi","14":"tag-finland","15":"tag-finnish","16":"tag-headlines","17":"tag-laki-oikeus-ja-rikos","18":"tag-latest-news","19":"tag-latestnews","20":"tag-liikenne-ja-kuljetus","21":"tag-main-news","22":"tag-mainnews","23":"tag-news","24":"tag-otsikot","25":"tag-paauutiset","26":"tag-suomi","27":"tag-top-stories","28":"tag-topstories","29":"tag-tyoelama","30":"tag-tyontekijat","31":"tag-tyovoima","32":"tag-uutiset"},"share_on_mastodon":{"url":"https:\/\/pubeurope.com\/@fi\/115491865022650870","error":""},"_links":{"self":[{"href":"https:\/\/www.europesays.com\/fi\/wp-json\/wp\/v2\/posts\/80881","targetHints":{"allow":["GET"]}}],"collection":[{"href":"https:\/\/www.europesays.com\/fi\/wp-json\/wp\/v2\/posts"}],"about":[{"href":"https:\/\/www.europesays.com\/fi\/wp-json\/wp\/v2\/types\/post"}],"author":[{"embeddable":true,"href":"https:\/\/www.europesays.com\/fi\/wp-json\/wp\/v2\/users\/2"}],"replies":[{"embeddable":true,"href":"https:\/\/www.europesays.com\/fi\/wp-json\/wp\/v2\/comments?post=80881"}],"version-history":[{"count":0,"href":"https:\/\/www.europesays.com\/fi\/wp-json\/wp\/v2\/posts\/80881\/revisions"}],"wp:featuredmedia":[{"embeddable":true,"href":"https:\/\/www.europesays.com\/fi\/wp-json\/wp\/v2\/media\/80882"}],"wp:attachment":[{"href":"https:\/\/www.europesays.com\/fi\/wp-json\/wp\/v2\/media?parent=80881"}],"wp:term":[{"taxonomy":"category","embeddable":true,"href":"https:\/\/www.europesays.com\/fi\/wp-json\/wp\/v2\/categories?post=80881"},{"taxonomy":"post_tag","embeddable":true,"href":"https:\/\/www.europesays.com\/fi\/wp-json\/wp\/v2\/tags?post=80881"}],"curies":[{"name":"wp","href":"https:\/\/api.w.org\/{rel}","templated":true}]}}