{"id":81115,"date":"2025-11-04T19:47:08","date_gmt":"2025-11-04T19:47:08","guid":{"rendered":"https:\/\/www.europesays.com\/fi\/81115\/"},"modified":"2025-11-04T19:47:08","modified_gmt":"2025-11-04T19:47:08","slug":"slayerin-kerry-king-pitaa-metallicaa-megadethia-parempana","status":"publish","type":"post","link":"https:\/\/www.europesays.com\/fi\/81115\/","title":{"rendered":"Slayerin Kerry King pit\u00e4\u00e4 Metallicaa Megadethia parempana"},"content":{"rendered":"<p>Reigning TV:n tuoreessa <a href=\"https:\/\/www.youtube.com\/watch?v=aAdE1hIGlPA\" rel=\"nofollow noopener\" target=\"_blank\">haastattelussa <\/a><strong>Slayerin <\/strong>kitaristi <a href=\"https:\/\/kaaoszine.fi\/aiheet\/kerry-king\/\" rel=\"nofollow noopener\" target=\"_blank\">Kerry King<\/a> ja <strong>Death Angelin <\/strong>laulaja Mark Osegueda saivat vastattavakseen klassisen thrash metal -kysymyksen: <strong>Metallica <\/strong>vai <strong>Megadeth<\/strong>? N\u00e4m\u00e4 kaksi yhtyett\u00e4 ovat yhdess\u00e4 Slayerin ja <strong>Anthraxin <\/strong>kanssa thrash metalin kulmakivi\u00e4 ja osa niin sanottua \u201dbig fouria\u201d. <\/p>\n<p>Osegueda ilmoitti nopeasti kannattavansa Metallicaa, kun taas King toi esiin hieman vivahteikkaamman n\u00e4kemyksen. <\/p>\n<p>H\u00e4n totesi: <\/p>\n<p>Artikkeli jatkuu mainoksen j\u00e4lkeen<br \/>\nMainos p\u00e4\u00e4ttyy<\/p>\n<blockquote class=\"wp-block-quote is-layout-flow wp-block-quote-is-layout-flow\">\n<p>\u201dOlen nyt t\u00e4ysin rehellinen \u2013 Metallicalla on laulaja. Anteeksi, Dave.\u201d\n<\/p>\n<\/blockquote>\n<p>Samassa jaksossa kaksikkoa \u2013 jotka nyky\u00e4\u00e4n soittavat yhdess\u00e4 Kerry Kingin soolob\u00e4ndiss\u00e4 \u2013 pyydettiin my\u00f6s valitsemaan suosikkinsa Metallican James Hetfieldin ja Megadethin Dave Mustainen v\u00e4lill\u00e4. Molemmat kallistuivat Hetfieldin puolelle. <\/p>\n<p>King kommentoi valintaansa sanomalla: <\/p>\n<p>Artikkeli jatkuu mainoksen j\u00e4lkeen<a class=\"gofollow\" data-track=\"Mjc1MCw0MSwxLDYw\" href=\"https:\/\/battlebeast.fi\/tour\" rel=\"nofollow noopener\" target=\"_blank\"><img decoding=\"async\" src=\"https:\/\/www.europesays.com\/fi\/wp-content\/uploads\/2025\/11\/bb-kiertue-980x400px-kaaoszine-v1.jpg\"\/><\/a>Mainos p\u00e4\u00e4ttyy<\/p>\n<blockquote class=\"wp-block-quote is-layout-flow wp-block-quote-is-layout-flow\">\n<p>\u201dJames Hetfield. Anteeksi Dave, tied\u00e4n ett\u00e4 soitin sinun b\u00e4ndiss\u00e4si, mutta valitsen Jamesin.\u201d\n<\/p>\n<\/blockquote>\n<p>Voit katsoa p\u00e4tk\u00e4n alhaalta.<\/p>\n","protected":false},"excerpt":{"rendered":"Reigning TV:n tuoreessa haastattelussa Slayerin kitaristi Kerry King ja Death Angelin laulaja Mark Osegueda saivat vastattavakseen klassisen thrash&hellip;\n","protected":false},"author":2,"featured_media":81116,"comment_status":"","ping_status":"","sticky":false,"template":"","format":"standard","meta":{"footnotes":""},"categories":[132],"tags":[137,33,31,30,16937,3548,12411,195,47,16938,32,109],"class_list":{"0":"post-81115","1":"post","2":"type-post","3":"status-publish","4":"format-standard","5":"has-post-thumbnail","7":"category-musiikki","8":"tag-entertainment","9":"tag-fi","10":"tag-finland","11":"tag-finnish","12":"tag-kerry-king","13":"tag-megadeth","14":"tag-metallica","15":"tag-music","16":"tag-musiikki","17":"tag-slayer","18":"tag-suomi","19":"tag-viihde"},"share_on_mastodon":{"url":"https:\/\/pubeurope.com\/@fi\/115493158528237809","error":""},"_links":{"self":[{"href":"https:\/\/www.europesays.com\/fi\/wp-json\/wp\/v2\/posts\/81115","targetHints":{"allow":["GET"]}}],"collection":[{"href":"https:\/\/www.europesays.com\/fi\/wp-json\/wp\/v2\/posts"}],"about":[{"href":"https:\/\/www.europesays.com\/fi\/wp-json\/wp\/v2\/types\/post"}],"author":[{"embeddable":true,"href":"https:\/\/www.europesays.com\/fi\/wp-json\/wp\/v2\/users\/2"}],"replies":[{"embeddable":true,"href":"https:\/\/www.europesays.com\/fi\/wp-json\/wp\/v2\/comments?post=81115"}],"version-history":[{"count":0,"href":"https:\/\/www.europesays.com\/fi\/wp-json\/wp\/v2\/posts\/81115\/revisions"}],"wp:featuredmedia":[{"embeddable":true,"href":"https:\/\/www.europesays.com\/fi\/wp-json\/wp\/v2\/media\/81116"}],"wp:attachment":[{"href":"https:\/\/www.europesays.com\/fi\/wp-json\/wp\/v2\/media?parent=81115"}],"wp:term":[{"taxonomy":"category","embeddable":true,"href":"https:\/\/www.europesays.com\/fi\/wp-json\/wp\/v2\/categories?post=81115"},{"taxonomy":"post_tag","embeddable":true,"href":"https:\/\/www.europesays.com\/fi\/wp-json\/wp\/v2\/tags?post=81115"}],"curies":[{"name":"wp","href":"https:\/\/api.w.org\/{rel}","templated":true}]}}