{"id":81125,"date":"2025-11-04T19:55:09","date_gmt":"2025-11-04T19:55:09","guid":{"rendered":"https:\/\/www.europesays.com\/fi\/81125\/"},"modified":"2025-11-04T19:55:09","modified_gmt":"2025-11-04T19:55:09","slug":"dick-cheney-puolusti-yhdysvaltain-kyseenalaista-terroristijahtia-loppuun-asti","status":"publish","type":"post","link":"https:\/\/www.europesays.com\/fi\/81125\/","title":{"rendered":"Dick Cheney puolusti Yhdysvaltain kyseenalaista terroristijahtia loppuun asti"},"content":{"rendered":"<p>Muistokirjoitus|Dick Cheney oli kolmen presidentin luotettu: Gerald Fordin kansliap\u00e4\u00e4llikk\u00f6, George H.W. Bushin puolustusministeri ja George W. Bushin varapresidentti.<\/p>\n<p>Lue tiivistelm\u00e4<\/p>\n<p>Tiivistelm\u00e4 on teko\u00e4lyn tekem\u00e4 ja ihmisen tarkistama.<\/p>\n<p class=\"article-body mb-nof-24 px-nof-16 sndp-summary-bullet-point-font\">Yhdysvaltain entinen varapresidentti Dick Cheney kuoli maanantaina 84-vuotiaana.<\/p>\n<p class=\"article-body mb-nof-24 px-nof-16 sndp-summary-bullet-point-font\">Cheney tunnetaan parhaiten roolistaan George W. Bushin hallinnon terrorisminvastaisen sodan arkkitehtina.<\/p>\n<p class=\"article-body mb-nof-24 px-nof-16 sndp-summary-bullet-point-font\">H\u00e4n puolusti loppuun asti kiistanalaisia toimia, kuten Irakin sotaa ja terroristiep\u00e4iltyjen kidutusta.<\/p>\n<p class=\"article-body mb-nof-24 px-nof-16\">Maanantaina kuollut <a class=\"article-personlink\" href=\"https:\/\/www.hs.fi\/haku\/?query=Dick%20Cheney\" rel=\"nofollow noopener\" target=\"_blank\">Dick Cheney<\/a> oli yleisen arvion mukaan Yhdysvaltain historian vaikutusvaltaisin varapresidentti (2001\u20132009). H\u00e4net muistetaan parhaiten roolistaan presidentti <a class=\"article-personlink\" href=\"https:\/\/www.hs.fi\/haku\/?query=George%20W.%20Bushin\" rel=\"nofollow noopener\" target=\"_blank\">George W. Bushin<\/a> aggressiivisessa ulko- ja turvallisuuspolitiikassa al-Qaidan terroristien isketty\u00e4 Yhdysvaltoihin 11. syyskuuta 2001.<\/p>\n<p class=\"article-body mb-nof-24 px-nof-16\">Cheney\u00e4 on pidetty terrorisminvastaisen sodan p\u00e4\u00e4arkkitehtina. Sen nimiss\u00e4 Yhdysvaltain asevoimat syrj\u00e4ytti al-Qaidaa suojelleen Taleban-hallinnon Afganistanissa ja <a class=\"article-personlink\" href=\"https:\/\/www.hs.fi\/haku\/?query=Saddam%20Husseinin\" rel=\"nofollow noopener\" target=\"_blank\">Saddam Husseinin<\/a> hirmuhallinnon Irakissa. Kumpikin hy\u00f6kk\u00e4ys johti pitk\u00e4\u00e4n miehitysvaltaan, mik\u00e4 koetteli amerikkalaisten k\u00e4rsiv\u00e4llisyytt\u00e4.<\/p>\n<p class=\"article-body mb-nof-24 px-nof-16\">Terrorisminvastainen sota maksoi Yhdysvalloille tuhansia miljardeja, ja keinot olivat kyseenalaisia.<\/p>\n<p class=\"article-body mb-nof-24 px-nof-16\">Irakiin hy\u00f6k\u00e4ttiin perusteena Saddamin joukkotuhoaseet ja yhteisty\u00f6 al-Qaidan kanssa, mutta kummastakaan ei l\u00f6ytynyt n\u00e4ytt\u00f6\u00e4. Ymp\u00e4ri maailmaa kiinni otettuja terroristiep\u00e4iltyj\u00e4 pidettiin vangittuna ilman rikossyytteit\u00e4, kuljeteltiin salaisilla vankilennoilla pid\u00e4tyskeskuksesta toiseen ja kidutettiin j\u00e4rjestelm\u00e4llisesti.<\/p>\n<p class=\"article-body mb-nof-24 px-nof-16\">Guant\u00e1namonlahden sotilastukikohtaan perustetulle vankileirille vietiin 780 muslimimiest\u00e4, joista sotaoikeus tuomitsi vain kahdeksan \u2013 heist\u00e4kin useamman tuomio kumottiin j\u00e4lkik\u00e4teen \u2013 ja liittovaltion tuomioistuimet yhden. J\u00e4ljell\u00e4 on yh\u00e4 15 vankia.<\/p>\n<p class=\"article-body mb-nof-24 px-nof-16\">Cheney valtuutti ihmisten vakoilun ilman oikeuden lupaa my\u00f6s kotimaassa, mist\u00e4 eiv\u00e4t tienneet edes Bushin l\u00e4heiset neuvonantajat.<\/p>\n<p class=\"article-body mb-nof-24 px-nof-16\">H\u00e4n hyv\u00e4ksyi s\u00e4\u00e4nt\u00f6jen kiert\u00e4misen tavoitteen t\u00e4rkeydell\u00e4.<\/p>\n<p class=\"article-body mb-nof-24 px-nof-16\">\u201dMeid\u00e4n pit\u00e4\u00e4 pysty\u00e4 ottamaan kiinni tai tappamaan ne ihmiset, jotka yritt\u00e4v\u00e4t tappaa amerikkalaisia\u201d, h\u00e4n sanoi vuonna 2006.<\/p>\n<p class=\"article-body mb-nof-24 px-nof-16\">\u201dOlisi ollut ep\u00e4eettist\u00e4 tai moraalitonta, jos emme olisi tehneet kaikkeamme kansakunnan suojelemiseksi\u201d, h\u00e4n <a class=\"article-genericlink\" href=\"https:\/\/www.washingtontimes.com\/news\/2008\/dec\/18\/cheney-defends-morality-of-war-on-terror\/\" rel=\"nofollow noopener\" target=\"_blank\">perusteli<\/a> The Washington Timesin haastattelussa vuonna 2008.<\/p>\n<p class=\"article-body mb-nof-24 px-nof-16\">Silti my\u00f6s lopputulos j\u00e4tti toivomisen varaa. Taleban palasi valtaan Afganistanissa vuonna 2021. Irakin kaaos synnytti Isis-jihadistij\u00e4rjest\u00f6n, joka loi Irakin ja Syyrian alueille julman sharia-valtion ja teki tai innoitti terrori-iskuja useissa l\u00e4nsimaissa.<\/p>\n<p><img decoding=\"async\" src=\"https:\/\/www.europesays.com\/fi\/wp-content\/uploads\/2025\/11\/1762286108_495_468.jpg\" alt=\"Varapresidentti Dick Cheney (kesk.) Valkoisen talon tilannehuoneessa terrori-iskujen j\u00e4lkeen 11. syyskuuta 2001.\" class=\"_Img_1rerz_1\" style=\"aspect-ratio:1.5\" loading=\"eager\"\/><\/p>\n<p class=\"article-picture-caption\">Varapresidentti Dick Cheney (kesk.) Valkoisen talon tilannehuoneessa terrori-iskujen j\u00e4lkeen 11. syyskuuta 2001. Kuva:\u00a0Yhdysvaltojen kansallisarkisto<\/p>\n<p><img decoding=\"async\" src=\"https:\/\/www.europesays.com\/fi\/wp-content\/uploads\/2025\/11\/1762286108_631_468.jpg\" alt=\"George W. Bush ja Dick Cheney juhlivat uutta ehdokkuuttaan presidentinvaaleissa republikaanien puoluekokouksessa syyskuussa 2004.\" class=\"_Img_1rerz_1\" style=\"aspect-ratio:1.4253897550111359\" loading=\"eager\"\/><\/p>\n<p class=\"article-picture-caption\">George W. Bush ja Dick Cheney juhlivat uutta ehdokkuuttaan presidentinvaaleissa republikaanien puoluekokouksessa syyskuussa 2004. Kuva:\u00a0Kevin Lamarque \/ Reuters<\/p>\n<p class=\"article-body mb-nof-24 px-nof-16\">Bush on kertonut kirjassaan, ett\u00e4 Cheney tarjoutui luovuttamaan varapresidenttiehdokkuuden jollekulle muulle vuoden 2004 vaaleissa, koska h\u00e4n oli antanut kasvot hallinnon koville otteille. Bush harkitsi asiaa, mutta p\u00e4\u00e4tti pit\u00e4\u00e4 Cheneyn rinnallaan t\u00e4m\u00e4n luotettavuuden ja yst\u00e4vyyden takia.<\/p>\n<p class=\"article-body mb-nof-24 px-nof-16\">He voittivat demokraattien <a class=\"article-personlink\" href=\"https:\/\/www.hs.fi\/haku\/?query=John%20Kerryn\" rel=\"nofollow noopener\" target=\"_blank\">John Kerryn<\/a> ja <a class=\"article-personlink\" href=\"https:\/\/www.hs.fi\/haku\/?query=John%20Edwardsin\" rel=\"nofollow noopener\" target=\"_blank\">John Edwardsin<\/a>, vaikka vaalien alla keskustiedustelupalvelu CIA:n tarkastaja totesi, ett\u00e4 puhe Irakin joukkotuhoaseista oli ollut per\u00e4t\u00f6nt\u00e4. Bush ja Cheney eiv\u00e4t katuneet.<\/p>\n<p class=\"article-body mb-nof-24 px-nof-16\">\u201dAikailu ja lykk\u00e4\u00e4minen ei ollut vaihtoehto\u201d, Cheney sanoi The New York Timesin <a class=\"article-genericlink\" href=\"https:\/\/www.nytimes.com\/2025\/11\/04\/us\/politics\/dick-cheney-dead.html\" rel=\"nofollow noopener\" target=\"_blank\">mukaan<\/a>. \u201dPresidentti teki aivan oikein.\u201d<\/p>\n<p class=\"article-body mb-nof-24 px-nof-16\">Bushin j\u00e4lkimm\u00e4isell\u00e4 kaudella Cheneyn rooli selv\u00e4sti pieneni.<\/p>\n<p class=\"article-body mb-nof-24 px-nof-16\">The Washington Post <a class=\"article-genericlink\" href=\"https:\/\/www.washingtonpost.com\/obituaries\/2025\/11\/04\/dick-cheney-us-vice-president-dead\/\" rel=\"nofollow noopener\" target=\"_blank\">kirjoittaa<\/a>, ett\u00e4 Cheneyn persoonaa tunsi harva ja h\u00e4n toimi mieluiten syrj\u00e4ss\u00e4 parrasvaloista. H\u00e4n ei halunnut puhua l\u00e4mpimikseen eik\u00e4 miltei koskaan puhunut itsest\u00e4\u00e4n. Haastatteluissa ja lehdist\u00f6tilaisuuksissakin h\u00e4nt\u00e4 n\u00e4htiin ani harvoin.<\/p>\n<p class=\"article-body mb-nof-24 px-nof-16\">Cheneyll\u00e4 oli t\u00e4rke\u00e4 rooli kahden aiemmankin presidentin hallinnossa. <a class=\"article-personlink\" href=\"https:\/\/www.hs.fi\/haku\/?query=Gerald%20Fordin\" rel=\"nofollow noopener\" target=\"_blank\">Gerald Fordin<\/a> kaudella h\u00e4nest\u00e4 tuli 33-vuotiaana Valkoisen talon historian nuorin kansliap\u00e4\u00e4llikk\u00f6 (1974\u20131975). H\u00e4n vietti kymmenen vuotta kongressin edustajainhuoneen j\u00e4senen\u00e4 Wyomingista, ja nousi sitten <a class=\"article-personlink\" href=\"https:\/\/www.hs.fi\/haku\/?query=George%20H.W.%20Bushin\" rel=\"nofollow noopener\" target=\"_blank\">George H.W. Bushin<\/a> puolustusministeriksi (1989\u20131993).<\/p>\n<p class=\"article-body mb-nof-24 px-nof-16\">Puolustusministerin\u00e4 Cheney oli p\u00e4\u00e4tt\u00e4m\u00e4ss\u00e4 vuoden 1991 Persianlahden sodasta, jossa Yhdysvallat h\u00e4\u00e4ti Irakin joukot Kuwaitista, mutta j\u00e4tti Saddamin valtaan. Cheney perusteli, ett\u00e4 Bagdadin valtaaminen ja miehitys olisi \u201dloputon suo\u201d eik\u00e4 menetett\u00e4vien amerikkalaisten henkien v\u00e4\u00e4rti \u2013 silti h\u00e4n n\u00e4ki asian\u202ftoisin 12 vuotta my\u00f6hemmin.<\/p>\n<p class=\"article-body mb-nof-24 px-nof-16\">Cheney oli loppuun asti vanhan liiton republikaani. Valkoisessa talossa h\u00e4n ajoi presidentille laajoja valtaoikeuksia, mutta <a class=\"article-personlink\" href=\"https:\/\/www.hs.fi\/haku\/?query=Donald%20Trumpia\" rel=\"nofollow noopener\" target=\"_blank\">Donald Trumpia<\/a> h\u00e4n piti uhkana Yhdysvaltain demokratialle. Viime vuoden vaaleissa h\u00e4n kannatti demokraattien presidenttiehdokasta <a class=\"article-personlink\" href=\"https:\/\/www.hs.fi\/haku\/?query=Kamala%20Harrisia\" rel=\"nofollow noopener\" target=\"_blank\">Kamala Harrisia<\/a>.<\/p>\n<p class=\"article-body mb-nof-24 px-nof-16\">Samaa maata on Dick Cheneyn tyt\u00e4r <a class=\"article-personlink\" href=\"https:\/\/www.hs.fi\/haku\/?query=Liz%20Cheney\" rel=\"nofollow noopener\" target=\"_blank\">Liz Cheney<\/a>, entinen kongressin edustajainhuoneen j\u00e4sen, jonka Trumpin leiri savusti ulos asemastaan.<\/p>\n<p><img decoding=\"async\" src=\"https:\/\/www.europesays.com\/fi\/wp-content\/uploads\/2025\/11\/1762286108_96_468.jpg\" alt=\"Tuleva puolustusministeri Dick Cheney piteli listaa puolustusministeri\u00f6n ty\u00f6ntekij\u00f6ist\u00e4 ennen nimityskuulemistaan maaliskuussa 1989.\" class=\"_Img_1rerz_1\" style=\"aspect-ratio:1.4883720930232558\" loading=\"eager\"\/><\/p>\n<p class=\"article-picture-caption\">Tuleva puolustusministeri Dick Cheney piteli listaa puolustusministeri\u00f6n ty\u00f6ntekij\u00f6ist\u00e4 ennen nimityskuulemistaan maaliskuussa 1989. Kuva:\u00a0Mike Marucci \/ Reuters<\/p>\n<p><img decoding=\"async\" src=\"https:\/\/www.europesays.com\/fi\/wp-content\/uploads\/2025\/11\/1762286109_590_468.jpg\" alt=\"Varapresidentti Dick Cheney mets\u00e4sti fasaaneja Etel\u00e4-Dakotassa marraskuussa 2002.\" class=\"_Img_1rerz_1\" style=\"aspect-ratio:1.5311004784688995\" loading=\"eager\"\/><\/p>\n<p class=\"article-picture-caption\">Varapresidentti Dick Cheney mets\u00e4sti fasaaneja Etel\u00e4-Dakotassa marraskuussa 2002. Kuva:\u00a0David Bohrer \/ Valkoinen talo<\/p>\n<p class=\"article-body mb-nof-24 px-nof-16\">Dick Cheney on toinen tiett\u00e4v\u00e4sti kahdesta Yhdysvaltain varapresidentist\u00e4, joka on virkakaudellaan ampunut ihmist\u00e4. H\u00e4n haavoitti tuttavaansa, 79-vuotiasta texasilaista tuomaria <a class=\"article-personlink\" href=\"https:\/\/www.hs.fi\/haku\/?query=Harry%20Whittingtonia\" rel=\"nofollow noopener\" target=\"_blank\">Harry Whittingtonia<\/a> haulikolla lintumets\u00e4ll\u00e4 vuonna 2006. Hauleja p\u00e4\u00e4tyi Whittingtonin rintaan, ja h\u00e4n sai syd\u00e4nkohtauksen sek\u00e4 ilmarinnan. Kummankin mukaan kyse oli vahingosta.<\/p>\n<p class=\"article-body mb-nof-24 px-nof-16\">Varapresidentti <a class=\"article-personlink\" href=\"https:\/\/www.hs.fi\/haku\/?query=Aaron%20Burr\" rel=\"nofollow noopener\" target=\"_blank\">Aaron Burr<\/a> ampui entisen valtiovarainministerin <a class=\"article-personlink\" href=\"https:\/\/www.hs.fi\/haku\/?query=Alexander%20Hamiltonin\" rel=\"nofollow noopener\" target=\"_blank\">Alexander Hamiltonin<\/a> kuoliaaksi kaksintaistelussa vuonna 1804.<\/p>\n<p class=\"article-body mb-nof-24 px-nof-16\">Cheney k\u00e4rsi syd\u00e4nvaivoista liki koko aikuisik\u00e4ns\u00e4. H\u00e4n sai viisi syd\u00e4nkohtausta vuosina 1978\u20132010 ja k\u00e4ytti syd\u00e4mentahdistinta vuodesta 2001.<\/p>\n<p class=\"article-body mb-nof-24 px-nof-16\">H\u00e4n kuoli keuhkokuumeen sek\u00e4 syd\u00e4n- ja verisuonitaudin komplikaatioihin 84-vuotiaana.<\/p>\n","protected":false},"excerpt":{"rendered":"Muistokirjoitus|Dick Cheney oli kolmen presidentin luotettu: Gerald Fordin kansliap\u00e4\u00e4llikk\u00f6, George H.W. Bushin puolustusministeri ja George W. Bushin varapresidentti.&hellip;\n","protected":false},"author":2,"featured_media":81126,"comment_status":"","ping_status":"","sticky":false,"template":"","format":"standard","meta":{"footnotes":""},"categories":[14],"tags":[22,23,26,27,33,31,30,17,46,24,25,28,29,15,18,21,32,19,20,56,16,59,60,61],"class_list":{"0":"post-81125","1":"post","2":"type-post","3":"status-publish","4":"format-standard","5":"has-post-thumbnail","7":"category-ulkomaat","8":"tag-breaking-news","9":"tag-breakingnews","10":"tag-featured-news","11":"tag-featurednews","12":"tag-fi","13":"tag-finland","14":"tag-finnish","15":"tag-headlines","16":"tag-helsingin-sanomat","17":"tag-latest-news","18":"tag-latestnews","19":"tag-main-news","20":"tag-mainnews","21":"tag-news","22":"tag-otsikot","23":"tag-paauutiset","24":"tag-suomi","25":"tag-top-stories","26":"tag-topstories","27":"tag-ulkomaat","28":"tag-uutiset","29":"tag-world","30":"tag-world-news","31":"tag-worldnews"},"share_on_mastodon":{"url":"https:\/\/pubeurope.com\/@fi\/115493189996110637","error":""},"_links":{"self":[{"href":"https:\/\/www.europesays.com\/fi\/wp-json\/wp\/v2\/posts\/81125","targetHints":{"allow":["GET"]}}],"collection":[{"href":"https:\/\/www.europesays.com\/fi\/wp-json\/wp\/v2\/posts"}],"about":[{"href":"https:\/\/www.europesays.com\/fi\/wp-json\/wp\/v2\/types\/post"}],"author":[{"embeddable":true,"href":"https:\/\/www.europesays.com\/fi\/wp-json\/wp\/v2\/users\/2"}],"replies":[{"embeddable":true,"href":"https:\/\/www.europesays.com\/fi\/wp-json\/wp\/v2\/comments?post=81125"}],"version-history":[{"count":0,"href":"https:\/\/www.europesays.com\/fi\/wp-json\/wp\/v2\/posts\/81125\/revisions"}],"wp:featuredmedia":[{"embeddable":true,"href":"https:\/\/www.europesays.com\/fi\/wp-json\/wp\/v2\/media\/81126"}],"wp:attachment":[{"href":"https:\/\/www.europesays.com\/fi\/wp-json\/wp\/v2\/media?parent=81125"}],"wp:term":[{"taxonomy":"category","embeddable":true,"href":"https:\/\/www.europesays.com\/fi\/wp-json\/wp\/v2\/categories?post=81125"},{"taxonomy":"post_tag","embeddable":true,"href":"https:\/\/www.europesays.com\/fi\/wp-json\/wp\/v2\/tags?post=81125"}],"curies":[{"name":"wp","href":"https:\/\/api.w.org\/{rel}","templated":true}]}}