{"id":81127,"date":"2025-11-04T19:56:09","date_gmt":"2025-11-04T19:56:09","guid":{"rendered":"https:\/\/www.europesays.com\/fi\/81127\/"},"modified":"2025-11-04T19:56:09","modified_gmt":"2025-11-04T19:56:09","slug":"yle-teboil-asemat-vaarassa-menna-lopullisesti-kiinni-iltalehti","status":"publish","type":"post","link":"https:\/\/www.europesays.com\/fi\/81127\/","title":{"rendered":"Yle: Teboil-asemat vaarassa menn\u00e4 lopullisesti kiinni &#8211; Iltalehti"},"content":{"rendered":"<ol>\n<li><a href=\"https:\/\/news.google.com\/rss\/articles\/CBMigAFBVV95cUxPcHRpblRSdUVDN3F4aENWVVRWcWZHM3RKNnhSSTNjbmhQWHhCeTlnZE1jZHZfbHlINl92ZEVZd0NwSWtueGlGV0Zla3U2SU5KcTdCcU5rc1hNOVUxdVZGNGQxRFlrTVc5OEEtcmcyM3V0UzZNZTY5WlFPSTA0bG5odQ?oc=5\" target=\"_blank\" rel=\"nofollow noopener\">Yle: Teboil-asemat vaarassa menn\u00e4 lopullisesti kiinni<\/a>&nbsp;&nbsp;Iltalehti<\/li>\n<li><a href=\"https:\/\/news.google.com\/rss\/articles\/CBMiWkFVX3lxTE9DelZrQ2dCWnJRcjRrWHVtZE40REdsMjBFWWFOMmcwempGaXFhR05TT29IUDM0eWh5eFBZRDducHNXdkdON0dQT1hiMjcxenJWdklHWVZoRGk3dw?oc=5\" target=\"_blank\" rel=\"nofollow noopener\">Teboil-asemalla alkoi tapahtua \u2013 iso rekallinen polttoainetta tuli tuntemattomasta l\u00e4hteest\u00e4, kertoo paikallislehti<\/a>&nbsp;&nbsp;Ilta-Sanomat<\/li>\n<li><a href=\"https:\/\/news.google.com\/rss\/articles\/CBMiQkFVX3lxTE8tMW5QeXg2aVpYcGlfSGUzWWNCbzhxTWE2Vzg4eEljNFpiX2xmRGQ0THA2S3o3bmw0YTk0eEE2YTVVdw?oc=5\" target=\"_blank\" rel=\"nofollow noopener\">Suomen Teboil-kauppiaat: liikenneasemat joutuvat sulkemaan ovensa, jos tilanne ei korjaannu l\u00e4hip\u00e4ivin\u00e4<\/a>&nbsp;&nbsp;Yle<\/li>\n<li><a href=\"https:\/\/news.google.com\/rss\/articles\/CBMiZEFVX3lxTE9TMjd1b3hadTNLYXVBUjMtdTdiUVB4aVUtZGgwRlBXajBMVWZvMGMzRV9mSFNkVEdxeHhHWFVRSmo2YTVDZXBodG9iUlhhaFRqZmpLdHhlcG5qVXVaV2xQTFJxUUU?oc=5\" target=\"_blank\" rel=\"nofollow noopener\">Teboilin kriisi on ajanut kauppiaita ahdinkoon \u2013 \u201dPahimmassa tapauksessa pit\u00e4\u00e4 ly\u00f6d\u00e4 lappu luukulle\u201d<\/a>&nbsp;&nbsp;Aamulehti<\/li>\n<li><a href=\"https:\/\/news.google.com\/rss\/articles\/CBMifkFVX3lxTE5NOGlpZFFRbVZtSGFuS0traWE5NHU3Y2VLQnV5bmZxOGRkeDhLYW5VLTVhTWNqblM5R3k1M01YdTdxWmlYbDZLandtTjFnSkVpZjRWQXZIV2M4WnYwZVlpRFgzVHgycnpka1hFZFUyTHJJeWVsTU1BRXQ1dWowQQ?oc=5\" target=\"_blank\" rel=\"nofollow noopener\">Gunvorin toimitusjohtajalta suorat sanat Lukoil-kaupasta: &#8221;Kyse on puhtaasta erosta&#8221;<\/a>&nbsp;&nbsp;Kauppalehti<\/li>\n<\/ol>\n","protected":false},"excerpt":{"rendered":"Yle: Teboil-asemat vaarassa menn\u00e4 lopullisesti kiinni&nbsp;&nbsp;Iltalehti Teboil-asemalla alkoi tapahtua \u2013 iso rekallinen polttoainetta tuli tuntemattomasta l\u00e4hteest\u00e4, kertoo paikallislehti&nbsp;&nbsp;Ilta-Sanomat&hellip;\n","protected":false},"author":2,"featured_media":81128,"comment_status":"","ping_status":"","sticky":false,"template":"","format":"standard","meta":{"footnotes":""},"categories":[12],"tags":[35,22,23,124,26,27,33,31,30,17,24,25,28,29,15,2536,18,21,637,8028,721,32,19,20,16],"class_list":{"0":"post-81127","1":"post","2":"type-post","3":"status-publish","4":"format-standard","5":"has-post-thumbnail","7":"category-suomi","8":"tag-24h","9":"tag-breaking-news","10":"tag-breakingnews","11":"tag-energia-sektori","12":"tag-featured-news","13":"tag-featurednews","14":"tag-fi","15":"tag-finland","16":"tag-finnish","17":"tag-headlines","18":"tag-latest-news","19":"tag-latestnews","20":"tag-main-news","21":"tag-mainnews","22":"tag-news","23":"tag-oljy-ja-kaasu","24":"tag-otsikot","25":"tag-paauutiset","26":"tag-politiikka","27":"tag-rahalaitokset","28":"tag-rahoitus","29":"tag-suomi","30":"tag-top-stories","31":"tag-topstories","32":"tag-uutiset"},"share_on_mastodon":{"url":"","error":""},"_links":{"self":[{"href":"https:\/\/www.europesays.com\/fi\/wp-json\/wp\/v2\/posts\/81127","targetHints":{"allow":["GET"]}}],"collection":[{"href":"https:\/\/www.europesays.com\/fi\/wp-json\/wp\/v2\/posts"}],"about":[{"href":"https:\/\/www.europesays.com\/fi\/wp-json\/wp\/v2\/types\/post"}],"author":[{"embeddable":true,"href":"https:\/\/www.europesays.com\/fi\/wp-json\/wp\/v2\/users\/2"}],"replies":[{"embeddable":true,"href":"https:\/\/www.europesays.com\/fi\/wp-json\/wp\/v2\/comments?post=81127"}],"version-history":[{"count":0,"href":"https:\/\/www.europesays.com\/fi\/wp-json\/wp\/v2\/posts\/81127\/revisions"}],"wp:featuredmedia":[{"embeddable":true,"href":"https:\/\/www.europesays.com\/fi\/wp-json\/wp\/v2\/media\/81128"}],"wp:attachment":[{"href":"https:\/\/www.europesays.com\/fi\/wp-json\/wp\/v2\/media?parent=81127"}],"wp:term":[{"taxonomy":"category","embeddable":true,"href":"https:\/\/www.europesays.com\/fi\/wp-json\/wp\/v2\/categories?post=81127"},{"taxonomy":"post_tag","embeddable":true,"href":"https:\/\/www.europesays.com\/fi\/wp-json\/wp\/v2\/tags?post=81127"}],"curies":[{"name":"wp","href":"https:\/\/api.w.org\/{rel}","templated":true}]}}