{"id":81133,"date":"2025-11-04T20:09:10","date_gmt":"2025-11-04T20:09:10","guid":{"rendered":"https:\/\/www.europesays.com\/fi\/81133\/"},"modified":"2025-11-04T20:09:10","modified_gmt":"2025-11-04T20:09:10","slug":"vappu-pimia-matapaise","status":"publish","type":"post","link":"https:\/\/www.europesays.com\/fi\/81133\/","title":{"rendered":"Vappu Pimi\u00e4: M\u00e4t\u00e4paise"},"content":{"rendered":"<p>Vappu Pimi\u00e4 kertoi maanantaina joutuvansa hammasoperaatioon pahan tulehduksen takia.<\/p>\n<p><img decoding=\"async\" class=\"image image-show image-preview\" src=\"https:\/\/www.europesays.com\/fi\/wp-content\/uploads\/2025\/10\/c98f13ce12f0f94ace5d3a0c9347a562dacf4788c7c4d69948ee0a080f406826.jpg\" alt=\"\"\/><img decoding=\"async\" class=\"image image-show\" src=\"https:\/\/www.europesays.com\/fi\/wp-content\/uploads\/2025\/10\/1760073729_298_c98f13ce12f0f94ace5d3a0c9347a562dacf4788c7c4d69948ee0a080f406826.jpg\" alt=\"\"\/><\/p>\n<p>Vappu Pimi\u00e4 on p\u00e4\u00e4ssyt hammasoperaatioon. Pete Anikari<\/p>\n<p class=\"paragraph\">Juontaja <strong>Vappu Pimi\u00e4<\/strong>, 47, p\u00e4ivitt\u00e4\u00e4 someseuraajilleen vointiaan hammasvaivansa kanssa.<\/p>\n<p class=\"paragraph\">Pimi\u00e4 kertoi maanantaina Instagram-tarinoissaan joutuneensa k\u00e4ym\u00e4\u00e4n <a href=\"https:\/\/www.iltalehti.fi\/viihdeuutiset\/1318e88d-d02e-48d3-aa5d-4818ff4ec96b\" rel=\"nofollow noopener\" target=\"_blank\">hammasl\u00e4\u00e4k\u00e4rin vastaanotolla<\/a>, jossa selvisi, ett\u00e4 h\u00e4nen juurihoidettu hampaansa oli pahasti tulehtunut.<\/p>\n<p class=\"paragraph\">Nyt Pimi\u00e4 kertoo <a href=\"https:\/\/www.instagram.com\/vappendaali\/\" target=\"_blank\" rel=\"noopener nofollow\">Instagram<\/a>-tarinoissaan p\u00e4\u00e4sseens\u00e4 operaatioon keskiviikkona aamup\u00e4iv\u00e4st\u00e4. Juontaja kertoi aiemmin, ett\u00e4 tulehtunut hammas \u201drevit\u00e4\u00e4n irti\u201d, kun h\u00e4n on nukutuksen alaisena.<\/p>\n<p class=\"paragraph\">Pimi\u00e4 julkaisi videon, jossa h\u00e4n ylist\u00e4\u00e4 aviomiest\u00e4\u00e4n <strong>Teemu Huuhtasta<\/strong>, 54, joka oli tullut hakemaan juontajaa operaatiosta. Kuskin viereisell\u00e4 paikalla Pimi\u00e4 kertoo lis\u00e4tietoa hammasvaivastaan. Instagram-tarinat ovat n\u00e4ht\u00e4viss\u00e4 24 tuntia julkaisusta.<\/p>\n<p class=\"paragraph\">\u2013 Aika hurjaa oli se, ett\u00e4 l\u00e4\u00e4k\u00e4ri otti viel\u00e4 uudet r\u00f6ntgenkuvat, koska siell\u00e4 oli niin iso tulehdus. H\u00e4n pelk\u00e4si, ett\u00e4 se viereinenkin hammas oli mennyt, mutta onneksi ei ollut. Luojan kiitos! juontaja sanoo.<\/p>\n<p class=\"paragraph\">\u2013 Siell\u00e4 oli tosissaan niin paha infektio, ett\u00e4 siell\u00e4 oli m\u00e4t\u00e4paise. L\u00e4\u00e4k\u00e4ri sanoi: \u201dEi ihme, ett\u00e4 on ollut kipe\u00e4\u201d. N\u00e4m\u00e4 hammasjututhan ovat sellaisia, ett\u00e4 ne voivat menn\u00e4 oikeasti aika hengenvaaralliseksi. L\u00e4\u00e4k\u00e4ri sanoi: \u201dTulit kyll\u00e4 todella hyv\u00e4\u00e4n aikaan, t\u00e4ss\u00e4 olisi voinut k\u00e4yd\u00e4 pahemmin\u201d.<\/p>\n<p>Vappu Pimi\u00e4 Pete Anikari<\/p>\n<p class=\"paragraph\">My\u00f6hemmin Pimi\u00e4 p\u00e4ivitti Instagram-tarinoissaan kuvan, jossa h\u00e4n lep\u00e4\u00e4 sohvalla.<\/p>\n<p class=\"paragraph\">\u2013 Miten onnellinen ihminen voi ollakaan, kun ei ole karmeita kipuja, h\u00e4n toteaa lopuksi.<\/p>\n<p class=\"paragraph\">Pimi\u00e4 kertoi Instagramissa keskiviikkona havahtuneensa sunnuntaina Tanssii t\u00e4htien kanssa -l\u00e4hetyksen j\u00e4lkeen tunteeseen, ett\u00e4 ihan kuin h\u00e4nen hampaansa v\u00e4liss\u00e4 olisi jotain. Juontaja k\u00e4ytti illalla hammaslankaa, mutta huomasi aamulla hampaan olevan arka. Kipu yltyi p\u00e4iv\u00e4n mittaan.<\/p>\n<p class=\"paragraph\">\u2013 Ty\u00f6puhelun j\u00e4lkeen huomasin, ett\u00e4 en pystynyt avaamaan suutani en\u00e4\u00e4 kunnolla, h\u00e4n kertoi p\u00e4ivityksess\u00e4\u00e4n.<\/p>\n<p class=\"paragraph\">Aviomiehens\u00e4 kehotuksesta Pimi\u00e4 lopulta p\u00e4\u00e4tyi ottamaan yhteytt\u00e4 hammasl\u00e4\u00e4k\u00e4riins\u00e4. L\u00e4\u00e4k\u00e4rin vastaanotolla selvisi, ett\u00e4 hammas jouduttaisiin operoimaan. H\u00e4n joutui perumaan seuraavan p\u00e4iv\u00e4n ty\u00f6tapaamisiaan.<\/p>\n<p class=\"paragraph\">\u2013 Positiivista t\u00e4ss\u00e4 on se, ett\u00e4 t\u00e4m\u00e4 olisi voinut sattua, kun olisimme olleet reissussa loppuvuodesta. Sitten hammasl\u00e4\u00e4k\u00e4rini sanoi: \u201dJos jotain hyv\u00e4\u00e4 haetaan, niin t\u00e4m\u00e4n on ollut sellainen murheenkryynihammas meille ja nyt p\u00e4\u00e4semme siit\u00e4 eroon\u201d, h\u00e4n pohti.<\/p>\n<p>Vappu Pimi\u00e4n oireet alkoivat sunnuntain TTK-l\u00e4hetyksen j\u00e4lkeen. Atte Kajova<\/p>\n<p><script async src=\"\/\/www.instagram.com\/embed.js\"><\/script><\/p>\n","protected":false},"excerpt":{"rendered":"Vappu Pimi\u00e4 kertoi maanantaina joutuvansa hammasoperaatioon pahan tulehduksen takia. Vappu Pimi\u00e4 on p\u00e4\u00e4ssyt hammasoperaatioon. Pete Anikari Juontaja Vappu&hellip;\n","protected":false},"author":2,"featured_media":81134,"comment_status":"","ping_status":"","sticky":false,"template":"","format":"standard","meta":{"footnotes":""},"categories":[136],"tags":[35,407,137,33,31,30,408,1999,32,2140,140,139,4241,109],"class_list":{"0":"post-81133","1":"post","2":"type-post","3":"status-publish","4":"format-standard","5":"has-post-thumbnail","7":"category-julkkikset","8":"tag-24h","9":"tag-celebrities","10":"tag-entertainment","11":"tag-fi","12":"tag-finland","13":"tag-finnish","14":"tag-julkkikset","15":"tag-suomalaiset-tv-ohjelmat","16":"tag-suomi","17":"tag-tosi-tv-ohjelmat","18":"tag-tv-ja-elokuvat","19":"tag-tv-ohjelmat","20":"tag-tv-persoonat","21":"tag-viihde"},"share_on_mastodon":{"url":"https:\/\/pubeurope.com\/@fi\/115493245165087581","error":""},"_links":{"self":[{"href":"https:\/\/www.europesays.com\/fi\/wp-json\/wp\/v2\/posts\/81133","targetHints":{"allow":["GET"]}}],"collection":[{"href":"https:\/\/www.europesays.com\/fi\/wp-json\/wp\/v2\/posts"}],"about":[{"href":"https:\/\/www.europesays.com\/fi\/wp-json\/wp\/v2\/types\/post"}],"author":[{"embeddable":true,"href":"https:\/\/www.europesays.com\/fi\/wp-json\/wp\/v2\/users\/2"}],"replies":[{"embeddable":true,"href":"https:\/\/www.europesays.com\/fi\/wp-json\/wp\/v2\/comments?post=81133"}],"version-history":[{"count":0,"href":"https:\/\/www.europesays.com\/fi\/wp-json\/wp\/v2\/posts\/81133\/revisions"}],"wp:featuredmedia":[{"embeddable":true,"href":"https:\/\/www.europesays.com\/fi\/wp-json\/wp\/v2\/media\/81134"}],"wp:attachment":[{"href":"https:\/\/www.europesays.com\/fi\/wp-json\/wp\/v2\/media?parent=81133"}],"wp:term":[{"taxonomy":"category","embeddable":true,"href":"https:\/\/www.europesays.com\/fi\/wp-json\/wp\/v2\/categories?post=81133"},{"taxonomy":"post_tag","embeddable":true,"href":"https:\/\/www.europesays.com\/fi\/wp-json\/wp\/v2\/tags?post=81133"}],"curies":[{"name":"wp","href":"https:\/\/api.w.org\/{rel}","templated":true}]}}