{"id":81135,"date":"2025-11-04T20:12:11","date_gmt":"2025-11-04T20:12:11","guid":{"rendered":"https:\/\/www.europesays.com\/fi\/81135\/"},"modified":"2025-11-04T20:12:11","modified_gmt":"2025-11-04T20:12:11","slug":"kuinka-pitkaan-sina-selviaisit-yksin-eramaassa-haku-alone-suomi-sarjaan-on-alkanut","status":"publish","type":"post","link":"https:\/\/www.europesays.com\/fi\/81135\/","title":{"rendered":"Kuinka pitk\u00e4\u00e4n sin\u00e4 selvi\u00e4isit yksin er\u00e4maassa? Haku Alone Suomi -sarjaan on alkanut"},"content":{"rendered":"<p><strong class=\"typography-bold\">Kahdeksan rohkeaa kisaajaa l\u00e4htee Inarin er\u00e4maahan Alone Suomi -seikkailuohjelmassa.<\/strong> Haku sarjan uudelle kaudelle on auki.\u00a0<\/p>\n<p>T\u00e4n\u00e4 syksyn\u00e4 Maikkarilla kahdeksan eri taustoista tulevaa kilpailijaa astui yksin er\u00e4maan syliin, ilman yhteytt\u00e4 ulkomaailmaan, perheeseen tai toisiin ihmisiin uudessa <a class=\"underline\" data-testid=\"internal-link\" role=\"link\" data-sentry-element=\"Link\" data-sentry-component=\"InternalLink\" data-sentry-source-file=\"InternalLink.tsx\" href=\"https:\/\/www.mtvuutiset.fi\/aihe\/alone-suomi\/9168296\" rel=\"nofollow noopener\" target=\"_blank\">Alone Suomi <\/a>-sarjassa. Pisimp\u00e4\u00e4n luonnon armoilla selvinnyt kisaaja voittaa 20 000 euron palkinnon.<\/p>\n<p><a class=\"underline\" data-testid=\"internal-link\" role=\"link\" data-sentry-element=\"Link\" data-sentry-component=\"InternalLink\" data-sentry-source-file=\"InternalLink.tsx\" href=\"https:\/\/www.mtvuutiset.fi\/artikkeli\/tassa-ovat-alone-suomi-kilpaiijat\/9199166\" rel=\"nofollow noopener\" target=\"_blank\">Alone Suomi -osallistujat<\/a> kuvasivat seikkailunsa itse er\u00e4maassa.\u00a0<\/p>\n<p>Olisitko sin\u00e4 valmis el\u00e4m\u00e4si yhteen hurjimmista kokemuksista: kohtaamaan itsesi keskell\u00e4 er\u00e4maata, yksin?<\/p>\n<p>Haku sarjan toiselle kaudelle on alkanut! Lue lis\u00e4\u00e4 <a class=\"underline\" data-testid=\"external-link\" href=\"https:\/\/itvstudiosfinland.teamtailor.com\/jobs\/6619666-alone-suomi\" rel=\"noopener noreferrer nofollow\" data-sentry-component=\"ExternalLink\" data-sentry-source-file=\"ExternalLink.tsx\" target=\"_blank\">t\u00e4\u00e4lt\u00e4<\/a>.\u00a0<\/p>\n<p>Alone Suomi tiistaisi <a class=\"underline\" data-testid=\"external-link\" href=\"https:\/\/www.mtv.fi\/ohjelma\/62cc19ad9b3c0db419d4\/alone-suomi\" rel=\"noopener noreferrer nofollow\" data-sentry-component=\"ExternalLink\" data-sentry-source-file=\"ExternalLink.tsx\" target=\"_blank\">MTV Katsomossa<\/a> ja MTV3-kanavalla klo 21.\u00a0<\/p>\n","protected":false},"excerpt":{"rendered":"Kahdeksan rohkeaa kisaajaa l\u00e4htee Inarin er\u00e4maahan Alone Suomi -seikkailuohjelmassa. Haku sarjan uudelle kaudelle on auki.\u00a0 T\u00e4n\u00e4 syksyn\u00e4 Maikkarilla&hellip;\n","protected":false},"author":2,"featured_media":81136,"comment_status":"","ping_status":"","sticky":false,"template":"","format":"standard","meta":{"footnotes":""},"categories":[133],"tags":[137,33,31,30,32,206,156,109],"class_list":{"0":"post-81135","1":"post","2":"type-post","3":"status-publish","4":"format-standard","5":"has-post-thumbnail","7":"category-televisiot","8":"tag-entertainment","9":"tag-fi","10":"tag-finland","11":"tag-finnish","12":"tag-suomi","13":"tag-televisiot","14":"tag-tv","15":"tag-viihde"},"share_on_mastodon":{"url":"https:\/\/pubeurope.com\/@fi\/115493256879920218","error":""},"_links":{"self":[{"href":"https:\/\/www.europesays.com\/fi\/wp-json\/wp\/v2\/posts\/81135","targetHints":{"allow":["GET"]}}],"collection":[{"href":"https:\/\/www.europesays.com\/fi\/wp-json\/wp\/v2\/posts"}],"about":[{"href":"https:\/\/www.europesays.com\/fi\/wp-json\/wp\/v2\/types\/post"}],"author":[{"embeddable":true,"href":"https:\/\/www.europesays.com\/fi\/wp-json\/wp\/v2\/users\/2"}],"replies":[{"embeddable":true,"href":"https:\/\/www.europesays.com\/fi\/wp-json\/wp\/v2\/comments?post=81135"}],"version-history":[{"count":0,"href":"https:\/\/www.europesays.com\/fi\/wp-json\/wp\/v2\/posts\/81135\/revisions"}],"wp:featuredmedia":[{"embeddable":true,"href":"https:\/\/www.europesays.com\/fi\/wp-json\/wp\/v2\/media\/81136"}],"wp:attachment":[{"href":"https:\/\/www.europesays.com\/fi\/wp-json\/wp\/v2\/media?parent=81135"}],"wp:term":[{"taxonomy":"category","embeddable":true,"href":"https:\/\/www.europesays.com\/fi\/wp-json\/wp\/v2\/categories?post=81135"},{"taxonomy":"post_tag","embeddable":true,"href":"https:\/\/www.europesays.com\/fi\/wp-json\/wp\/v2\/tags?post=81135"}],"curies":[{"name":"wp","href":"https:\/\/api.w.org\/{rel}","templated":true}]}}