{"id":81154,"date":"2025-11-04T20:40:07","date_gmt":"2025-11-04T20:40:07","guid":{"rendered":"https:\/\/www.europesays.com\/fi\/81154\/"},"modified":"2025-11-04T20:40:07","modified_gmt":"2025-11-04T20:40:07","slug":"elokuva-arvostelu-turkulaissyntyisen-joey-palmroosin-takaa-ajojannari-ei-piinaa-eika-pelota-ts-fi","status":"publish","type":"post","link":"https:\/\/www.europesays.com\/fi\/81154\/","title":{"rendered":"Elokuva-arvostelu | Turkulaissyntyisen Joey Palmroosin takaa-ajoj\u00e4nn\u00e4ri ei piinaa eik\u00e4 pelota &#8211; ts.fi"},"content":{"rendered":"<ol>\n<li><a href=\"https:\/\/news.google.com\/rss\/articles\/CBMiS0FVX3lxTE9FTmVLVzZjd0NveTZGbDlWTllDa3U0WGJqa1gxSGlvbkZYbUo0Z3pZUTloSE00QWxRclFRd0hwSWNIOXp1U1FJbHllcw?oc=5\" target=\"_blank\" rel=\"nofollow noopener\">Elokuva-arvostelu | Turkulaissyntyisen Joey Palmroosin takaa-ajoj\u00e4nn\u00e4ri ei piinaa eik\u00e4 pelota<\/a>&nbsp;&nbsp;ts.fi<\/li>\n<li><a href=\"https:\/\/news.google.com\/rss\/articles\/CBMiW0FVX3lxTE9jMWZ6TkM4NGthRGRZZ2FScGljUnZ6R0xuWHNlZUJka2tzRVUtOVgxcWNsNDhnWFVsVmlMbU5haFl4RE9tazRZMDg3cDZra2xKT0ZpbFlTV1R2X1k?oc=5\" target=\"_blank\" rel=\"nofollow noopener\">HS:lt\u00e4 tyly tuomio Joey Palmroosin elokuvasta \u2013 n\u00e4in aviopari vastaa<\/a>&nbsp;&nbsp;Ilta-Sanomat<\/li>\n<li><a href=\"https:\/\/news.google.com\/rss\/articles\/CBMiggFBVV95cUxQbXpuczZNbXVzbF8yWW15QnBFWlYwcDFBV2lsUWdhVTk1eGRVOE9XbVBBZk9takpieEk5RGF4QzUycERVS1RwNFp3QURFWnJYd3UxdWFOb3Zpd2JJbC1idGVyMDd2c0Z1R0puMjBORkpxbWxDejNpSDlHdXZCTkR4ZTN3?oc=5\" target=\"_blank\" rel=\"nofollow noopener\">T\u00e4m\u00e4 elokuva levi\u00e4\u00e4 nyt maailmalla \u2013 Yhdysvaltojen lumimaisemat todellisuudessa Lapista<\/a>&nbsp;&nbsp;Iltalehti<\/li>\n<li><a href=\"https:\/\/news.google.com\/rss\/articles\/CBMiZ0FVX3lxTE92ZUhackI0ZzlmSVQzMmZTRndjdU95WVBvWFAzcUhqay1zeXhhSzRlZG9RYmxQYnpqTlMtb3lsTG9vaFlUeFd6UzhXR3ZHU0MxTThMVjVDR2NWNjN0MUpyeng2UU1haE0?oc=5\" target=\"_blank\" rel=\"nofollow noopener\">Elokuva-arvio | Omin voimin tehdyst\u00e4 toimintaj\u00e4nn\u00e4rist\u00e4 tuli yhden t\u00e4hden pannukakku<\/a>&nbsp;&nbsp;Aamulehti<\/li>\n<li><a href=\"https:\/\/news.google.com\/rss\/articles\/CBMiWEFVX3lxTE5nTDBmNV9mb0l3R0FjOHVKdGh3d0U0V0FPZmNNWUdsRGs5NkJWTEkyRUp4T3NNYU5Vel9KY1lfN3ZnV0c0dlFzelVGYUlpNHFZLTRKWjl4X2I?oc=5\" target=\"_blank\" rel=\"nofollow noopener\">Delivery Run \u2013 elokuvan arvostelu<\/a>&nbsp;&nbsp;Episodi.fi<\/li>\n<\/ol>\n","protected":false},"excerpt":{"rendered":"Elokuva-arvostelu | Turkulaissyntyisen Joey Palmroosin takaa-ajoj\u00e4nn\u00e4ri ei piinaa eik\u00e4 pelota&nbsp;&nbsp;ts.fi HS:lt\u00e4 tyly tuomio Joey Palmroosin elokuvasta \u2013 n\u00e4in&hellip;\n","protected":false},"author":2,"featured_media":81155,"comment_status":"","ping_status":"","sticky":false,"template":"","format":"standard","meta":{"footnotes":""},"categories":[131],"tags":[155,137,33,173,31,30,172,32,109],"class_list":{"0":"post-81154","1":"post","2":"type-post","3":"status-publish","4":"format-standard","5":"has-post-thumbnail","7":"category-elokuvat","8":"tag-elokuvat","9":"tag-entertainment","10":"tag-fi","11":"tag-film","12":"tag-finland","13":"tag-finnish","14":"tag-movies","15":"tag-suomi","16":"tag-viihde"},"share_on_mastodon":{"url":"https:\/\/pubeurope.com\/@fi\/115493366885000060","error":""},"_links":{"self":[{"href":"https:\/\/www.europesays.com\/fi\/wp-json\/wp\/v2\/posts\/81154","targetHints":{"allow":["GET"]}}],"collection":[{"href":"https:\/\/www.europesays.com\/fi\/wp-json\/wp\/v2\/posts"}],"about":[{"href":"https:\/\/www.europesays.com\/fi\/wp-json\/wp\/v2\/types\/post"}],"author":[{"embeddable":true,"href":"https:\/\/www.europesays.com\/fi\/wp-json\/wp\/v2\/users\/2"}],"replies":[{"embeddable":true,"href":"https:\/\/www.europesays.com\/fi\/wp-json\/wp\/v2\/comments?post=81154"}],"version-history":[{"count":0,"href":"https:\/\/www.europesays.com\/fi\/wp-json\/wp\/v2\/posts\/81154\/revisions"}],"wp:featuredmedia":[{"embeddable":true,"href":"https:\/\/www.europesays.com\/fi\/wp-json\/wp\/v2\/media\/81155"}],"wp:attachment":[{"href":"https:\/\/www.europesays.com\/fi\/wp-json\/wp\/v2\/media?parent=81154"}],"wp:term":[{"taxonomy":"category","embeddable":true,"href":"https:\/\/www.europesays.com\/fi\/wp-json\/wp\/v2\/categories?post=81154"},{"taxonomy":"post_tag","embeddable":true,"href":"https:\/\/www.europesays.com\/fi\/wp-json\/wp\/v2\/tags?post=81154"}],"curies":[{"name":"wp","href":"https:\/\/api.w.org\/{rel}","templated":true}]}}