{"id":81162,"date":"2025-11-04T20:48:08","date_gmt":"2025-11-04T20:48:08","guid":{"rendered":"https:\/\/www.europesays.com\/fi\/81162\/"},"modified":"2025-11-04T20:48:08","modified_gmt":"2025-11-04T20:48:08","slug":"krplla-iso-operaatio-iltalehti","status":"publish","type":"post","link":"https:\/\/www.europesays.com\/fi\/81162\/","title":{"rendered":"KRP:ll\u00e4 iso operaatio &#8211; Iltalehti"},"content":{"rendered":"<ol>\n<li><a href=\"https:\/\/news.google.com\/rss\/articles\/CBMie0FVX3lxTE8zNVBheGlSN0NTLVE3bURVanBDaWRhSFF2NEVKNGg2d3dLUjA0N3YzcDVIem5NNWZSaHpKRUszMXRGWGlDOUpxLXVPUGZZZUUwWTg2N2cxZmJvYkl6U0M1SWFiUFVFTm5wX0ZMeWJiYmp2N2M2djdaVEUzcw?oc=5\" target=\"_blank\" rel=\"nofollow noopener\">KRP:ll\u00e4 iso operaatio<\/a>&nbsp;&nbsp;Iltalehti<\/li>\n<li><a href=\"https:\/\/news.google.com\/rss\/articles\/CBMiXEFVX3lxTE5kUy1rajFiXzh1X3FoUU11Qi1XOFBieDg5TjVGWEctamozeFQ5YlB0SElYVjByOVBaLXdMcnFhVDZ4Mm5KQlluZTgwQUNqa09XaDZOMk5ja29TbVpt?oc=5\" target=\"_blank\" rel=\"nofollow noopener\">Salaper\u00e4inen operaatio it\u00e4rajalla \u2013 poliisilta nyt uutta tietoa<\/a>&nbsp;&nbsp;Ilta-Sanomat<\/li>\n<li><a href=\"https:\/\/news.google.com\/rss\/articles\/CBMiQkFVX3lxTE95UWphXzhaMEwyRGdwaURSUEVXaXJyTmkyanBVRklweGJjd0VsRDBsNkVzNjYyRnpCM1VGZmxrMnFTQQ?oc=5\" target=\"_blank\" rel=\"nofollow noopener\">Keskusrikospoliisi tutkii ep\u00e4ilty\u00e4 terrorismin rahoittamista, kiinniottoja Kaakkois-Suomessa<\/a>&nbsp;&nbsp;Yle<\/li>\n<li><a href=\"https:\/\/news.google.com\/rss\/articles\/CBMiVkFVX3lxTE5sWjV3OW5UeXRMcWpwYlhRdXN5VTNZb20xenFsNkxvcUpOVkdhdU9fQWx2TDNuOGRyNS15R2Y1Vm1Vd2ZJSnV3MUttUnRzdW9rcGtNM093?oc=5\" target=\"_blank\" rel=\"nofollow noopener\">Keskusrikospoliisilla esitutkinnassa ep\u00e4ilty terrorismin rahoittaminen \u2013 Kaakkois-Suomessa tehty kiinniottoja<\/a>&nbsp;&nbsp;Etel\u00e4-Suomen Sanomat<\/li>\n<li><a href=\"https:\/\/news.google.com\/rss\/articles\/CBMiuwFBVV95cUxQTzRjVzRIRHloeWtzbkxBOWlYYmVFd0Rsa2p4ZS1kVGZ0ajljN1V5enlJMmJPRWNScEJ2NVNuMUtlMUVCMVIyWXhmUW5MR051X1hhdjZmdkJJaFhObzlRbmJmc21Zc01TczdvdjMwcVZzU0NlcUVNRDZObHREZWxSQ01GUWllS0NJSXF0QWR1ZzVLc1hndl9oOVpCZTBKTXROalc3ZC1hOW1mSXdZRWNNWUw5SlYyTHY4eHhr?oc=5\" target=\"_blank\" rel=\"nofollow noopener\">KRP tutkii ep\u00e4ilty\u00e4 terrorismin rahoittamista \u2013 kiinniottoja Kakkois-Suomessa<\/a>&nbsp;&nbsp;mtvuutiset.fi<\/li>\n<\/ol>\n","protected":false},"excerpt":{"rendered":"KRP:ll\u00e4 iso operaatio&nbsp;&nbsp;Iltalehti Salaper\u00e4inen operaatio it\u00e4rajalla \u2013 poliisilta nyt uutta tietoa&nbsp;&nbsp;Ilta-Sanomat Keskusrikospoliisi tutkii ep\u00e4ilty\u00e4 terrorismin rahoittamista, kiinniottoja Kaakkois-Suomessa&nbsp;&nbsp;Yle&hellip;\n","protected":false},"author":2,"featured_media":81163,"comment_status":"","ping_status":"","sticky":false,"template":"","format":"standard","meta":{"footnotes":""},"categories":[12],"tags":[35,22,23,26,27,33,31,30,17,55,53,24,25,28,29,15,18,21,54,52,32,19,20,546,16],"class_list":{"0":"post-81162","1":"post","2":"type-post","3":"status-publish","4":"format-standard","5":"has-post-thumbnail","7":"category-suomi","8":"tag-24h","9":"tag-breaking-news","10":"tag-breakingnews","11":"tag-featured-news","12":"tag-featurednews","13":"tag-fi","14":"tag-finland","15":"tag-finnish","16":"tag-headlines","17":"tag-lainvalvonta","18":"tag-laki-oikeus-ja-rikos","19":"tag-latest-news","20":"tag-latestnews","21":"tag-main-news","22":"tag-mainnews","23":"tag-news","24":"tag-otsikot","25":"tag-paauutiset","26":"tag-pelastuspalvelut","27":"tag-poliisi","28":"tag-suomi","29":"tag-top-stories","30":"tag-topstories","31":"tag-turvallisuus","32":"tag-uutiset"},"share_on_mastodon":{"url":"https:\/\/pubeurope.com\/@fi\/115493398352262719","error":""},"_links":{"self":[{"href":"https:\/\/www.europesays.com\/fi\/wp-json\/wp\/v2\/posts\/81162","targetHints":{"allow":["GET"]}}],"collection":[{"href":"https:\/\/www.europesays.com\/fi\/wp-json\/wp\/v2\/posts"}],"about":[{"href":"https:\/\/www.europesays.com\/fi\/wp-json\/wp\/v2\/types\/post"}],"author":[{"embeddable":true,"href":"https:\/\/www.europesays.com\/fi\/wp-json\/wp\/v2\/users\/2"}],"replies":[{"embeddable":true,"href":"https:\/\/www.europesays.com\/fi\/wp-json\/wp\/v2\/comments?post=81162"}],"version-history":[{"count":0,"href":"https:\/\/www.europesays.com\/fi\/wp-json\/wp\/v2\/posts\/81162\/revisions"}],"wp:featuredmedia":[{"embeddable":true,"href":"https:\/\/www.europesays.com\/fi\/wp-json\/wp\/v2\/media\/81163"}],"wp:attachment":[{"href":"https:\/\/www.europesays.com\/fi\/wp-json\/wp\/v2\/media?parent=81162"}],"wp:term":[{"taxonomy":"category","embeddable":true,"href":"https:\/\/www.europesays.com\/fi\/wp-json\/wp\/v2\/categories?post=81162"},{"taxonomy":"post_tag","embeddable":true,"href":"https:\/\/www.europesays.com\/fi\/wp-json\/wp\/v2\/tags?post=81162"}],"curies":[{"name":"wp","href":"https:\/\/api.w.org\/{rel}","templated":true}]}}