{"id":81164,"date":"2025-11-04T20:49:08","date_gmt":"2025-11-04T20:49:08","guid":{"rendered":"https:\/\/www.europesays.com\/fi\/81164\/"},"modified":"2025-11-04T20:49:08","modified_gmt":"2025-11-04T20:49:08","slug":"paivitetty-kadonnut-12-vuotias-loytynyt-paikalliset","status":"publish","type":"post","link":"https:\/\/www.europesays.com\/fi\/81164\/","title":{"rendered":"P\u00e4ivitetty | Kadonnut 12-vuotias l\u00f6ytynyt | Paikalliset"},"content":{"rendered":"<p>Poliisin etsim\u00e4 12-vuotias tytt\u00f6 on l\u00f6ytynyt. Poliisi etsi tiistai-iltana Espoossa kadonnutta 12-vuotiasta tytt\u00f6\u00e4, joka oli voinut liikkua my\u00f6s Helsingin alueella.<\/p>\n<p>Kaikki havainnot kadonneesta pyydettiin yleiseen h\u00e4t\u00e4numeroon 112.<\/p>\n<p>Poliisi kiitt\u00e4\u00e4 kansalaisia havainnoista.<\/p>\n<p>Juttua muutettu 4.11. klo 21.30. Kerrottu kadonneen l\u00f6ytyneen ja poistettu tunnistetiedot.<\/p>\n","protected":false},"excerpt":{"rendered":"Poliisin etsim\u00e4 12-vuotias tytt\u00f6 on l\u00f6ytynyt. Poliisi etsi tiistai-iltana Espoossa kadonnutta 12-vuotiasta tytt\u00f6\u00e4, joka oli voinut liikkua my\u00f6s&hellip;\n","protected":false},"author":2,"featured_media":81165,"comment_status":"","ping_status":"","sticky":false,"template":"","format":"standard","meta":{"footnotes":""},"categories":[5],"tags":[22,23,400,26,27,33,31,30,17,403,104,6422,24,25,28,29,15,18,21,122,54,103,32,19,20,16],"class_list":{"0":"post-81164","1":"post","2":"type-post","3":"status-publish","4":"format-standard","5":"has-post-thumbnail","7":"category-otsikot","8":"tag-breaking-news","9":"tag-breakingnews","10":"tag-espoo","11":"tag-featured-news","12":"tag-featurednews","13":"tag-fi","14":"tag-finland","15":"tag-finnish","16":"tag-headlines","17":"tag-helsingin-seutu","18":"tag-helsinki","19":"tag-hiukset","20":"tag-latest-news","21":"tag-latestnews","22":"tag-main-news","23":"tag-mainnews","24":"tag-news","25":"tag-otsikot","26":"tag-paauutiset","27":"tag-pelastaminen","28":"tag-pelastuspalvelut","29":"tag-sosiaalikysymykset","30":"tag-suomi","31":"tag-top-stories","32":"tag-topstories","33":"tag-uutiset"},"share_on_mastodon":{"url":"https:\/\/pubeurope.com\/@fi\/115493402263900039","error":""},"_links":{"self":[{"href":"https:\/\/www.europesays.com\/fi\/wp-json\/wp\/v2\/posts\/81164","targetHints":{"allow":["GET"]}}],"collection":[{"href":"https:\/\/www.europesays.com\/fi\/wp-json\/wp\/v2\/posts"}],"about":[{"href":"https:\/\/www.europesays.com\/fi\/wp-json\/wp\/v2\/types\/post"}],"author":[{"embeddable":true,"href":"https:\/\/www.europesays.com\/fi\/wp-json\/wp\/v2\/users\/2"}],"replies":[{"embeddable":true,"href":"https:\/\/www.europesays.com\/fi\/wp-json\/wp\/v2\/comments?post=81164"}],"version-history":[{"count":0,"href":"https:\/\/www.europesays.com\/fi\/wp-json\/wp\/v2\/posts\/81164\/revisions"}],"wp:featuredmedia":[{"embeddable":true,"href":"https:\/\/www.europesays.com\/fi\/wp-json\/wp\/v2\/media\/81165"}],"wp:attachment":[{"href":"https:\/\/www.europesays.com\/fi\/wp-json\/wp\/v2\/media?parent=81164"}],"wp:term":[{"taxonomy":"category","embeddable":true,"href":"https:\/\/www.europesays.com\/fi\/wp-json\/wp\/v2\/categories?post=81164"},{"taxonomy":"post_tag","embeddable":true,"href":"https:\/\/www.europesays.com\/fi\/wp-json\/wp\/v2\/tags?post=81164"}],"curies":[{"name":"wp","href":"https:\/\/api.w.org\/{rel}","templated":true}]}}