{"id":81166,"date":"2025-11-04T21:01:08","date_gmt":"2025-11-04T21:01:08","guid":{"rendered":"https:\/\/www.europesays.com\/fi\/81166\/"},"modified":"2025-11-04T21:01:08","modified_gmt":"2025-11-04T21:01:08","slug":"susani-mahaduran-ja-elina-gustafssonin-matka-muutti-asioita-eeva-rakastuin-uudestaan","status":"publish","type":"post","link":"https:\/\/www.europesays.com\/fi\/81166\/","title":{"rendered":"Susani Mahaduran ja Elina Gustafssonin matka muutti asioita &#8211; Eeva: &#8221;Rakastuin uudestaan&#8230;&#8221;"},"content":{"rendered":"<p>Susani Mahadura ja Elina Gustafsson ovat henkiyst\u00e4vi\u00e4, joiden matkoja ja iloista menoa on seurattu mediassa tarkasti.<\/p>\n<p>Kaksikon yst\u00e4vyys tuli julki, kun Elina ja h\u00e4nen ex-kumppaninsa Ansku Bergstr\u00f6m erosivat vuosien parisuhteestaan.<\/p>\n<p>Susanin ja Elinan v\u00e4lille on yritetty sovitella l\u00e4heisemp\u00e4\u00e4kin viittaa, mutta kaksikko on kertonut olevansa t\u00e4rkeit\u00e4 yst\u00e4vi\u00e4 toisilleen \u2013 eik\u00e4 mit\u00e4\u00e4n muuta.<\/p>\n<p>Asialle tulee mielenkiintoinen vahvistus Eeva-lehden jutussa:<\/p>\n<p>Susanille matka oli k\u00e4\u00e4nteentekev\u00e4<\/p>\n<p>Susani kertoo <a href=\"https:\/\/www.eeva.fi\/jutut\/susani-mahadura-parisuhde\" rel=\"nofollow noopener\" target=\"_blank\">jutussa<\/a>  matkan Mongoliaan py\u00f6r\u00e4ilem\u00e4\u00e4n Ellun kanssa olleen k\u00e4\u00e4nteentekev\u00e4 my\u00f6s rakkausel\u00e4m\u00e4n kannalta.<\/p>\n<p>H\u00e4n sanoo rakastuneensa uudelleen.<\/p>\n<p>Mieheens\u00e4.<\/p>\n<p>Py\u00f6r\u00e4ilyreissu oli Susanille paitsi fyysinen koetinkivi my\u00f6s matka itseen. Se jatkuu edelleen.<\/p>\n<p>-Kun l\u00f6ysin rakkauden itse\u00e4ni kohtaan, my\u00f6s romanttinen rakkausel\u00e4m\u00e4ni alkoi kukoistaa. Nyt tuntuu, ett\u00e4 olen rakastunut kumppaniini uudelleen, h\u00e4n sanoo Eeva-lehdess\u00e4.<\/p>\n<p>T\u00e4m\u00e4 tunne oli aiemmin koetuksella.<\/p>\n<p>-Kun on kadottanut el\u00e4m\u00e4nhalunsa ja se sitten palaa takaisin, mit\u00e4\u00e4n ei en\u00e4\u00e4 pid\u00e4 itsest\u00e4\u00e4nselv\u00e4n\u00e4. Olen kiitollinen jokaisesta ateriasta, kodistani, koiristani, perheest\u00e4ni ja kumppanistani.<\/p>\n<p>Nyt Susani ja Ellu ovat paiskanneet hyv\u00e4stik\u00e4mmenet yhteen, sill\u00e4 he eiv\u00e4t tapaa yli kolmeen kuukauteen Susanin l\u00e4htiess\u00e4 pitk\u00e4lle matkalle. Susani ei paljasta minne ja kenen kanssa ja mit\u00e4 varten.<\/p>\n<p>Lue my\u00f6s: <a href=\"https:\/\/www.como.fi\/uutiset\/elina-gustafssonin-ja-susani-mahaduran-ero-toisistaan-viimeinen-ehtoollinen\/\" title=\"Elina Gustafssonin ja Susani Mahaduran ero toisistaan: \u201dViimeinen ehtoollinen\u201d\" class=\"underline-custom !font-montserrat !font-bold !underline-offset-4 !decoration-4 !decoration-red-600 !text-md\" rel=\"nofollow noopener\" target=\"_blank\">Elina Gustafssonin ja Susani Mahaduran ero toisistaan: \u201dViimeinen ehtoollinen\u201d<\/a><\/p>\n<p><img loading=\"lazy\" height=\"433\" width=\"648\" class=\"wp-image-114069 sp-no-webp perfmatters-lazy\" alt=\"\" decoding=\"async\" src=\"https:\/\/www.europesays.com\/fi\/wp-content\/uploads\/2025\/11\/elina_gustafsson_2_petolliset_nelonen_saku_tiainen-648x433.jpeg\"  data-\/> Elina on tuttu muun muassa Nelosen supersuositusta sarjasta Petolliset. Kuva: Saku Tiainen<\/p>\n<p>Lue my\u00f6s: <a href=\"https:\/\/www.como.fi\/tilaa-comon-uutiskirje\/\" title=\"Tilaa Comon uutiskirje ja tied\u00e4t mist\u00e4 kahvitauolla puhutaan! Nappaa kotimaan tv-vinkit ja puheenaiheet suoraan s\u00e4hk\u00f6postiin t\u00e4st\u00e4.\" class=\"underline-custom !font-montserrat !font-bold !underline-offset-4 !decoration-4 !decoration-red-600 !text-md\" rel=\"nofollow noopener\" target=\"_blank\">Tilaa Comon uutiskirje ja tied\u00e4t mist\u00e4 kahvitauolla puhutaan! Nappaa kotimaan tv-vinkit ja puheenaiheet suoraan s\u00e4hk\u00f6postiin t\u00e4st\u00e4.<\/a><\/p>\n","protected":false},"excerpt":{"rendered":"Susani Mahadura ja Elina Gustafsson ovat henkiyst\u00e4vi\u00e4, joiden matkoja ja iloista menoa on seurattu mediassa tarkasti. Kaksikon yst\u00e4vyys&hellip;\n","protected":false},"author":2,"featured_media":81167,"comment_status":"","ping_status":"","sticky":false,"template":"","format":"standard","meta":{"footnotes":""},"categories":[136],"tags":[407,1874,137,33,31,30,408,32,14287,109],"class_list":{"0":"post-81166","1":"post","2":"type-post","3":"status-publish","4":"format-standard","5":"has-post-thumbnail","7":"category-julkkikset","8":"tag-celebrities","9":"tag-elina-gustafsson","10":"tag-entertainment","11":"tag-fi","12":"tag-finland","13":"tag-finnish","14":"tag-julkkikset","15":"tag-suomi","16":"tag-susani-mahadura","17":"tag-viihde"},"share_on_mastodon":{"url":"https:\/\/pubeurope.com\/@fi\/115493449535414063","error":""},"_links":{"self":[{"href":"https:\/\/www.europesays.com\/fi\/wp-json\/wp\/v2\/posts\/81166","targetHints":{"allow":["GET"]}}],"collection":[{"href":"https:\/\/www.europesays.com\/fi\/wp-json\/wp\/v2\/posts"}],"about":[{"href":"https:\/\/www.europesays.com\/fi\/wp-json\/wp\/v2\/types\/post"}],"author":[{"embeddable":true,"href":"https:\/\/www.europesays.com\/fi\/wp-json\/wp\/v2\/users\/2"}],"replies":[{"embeddable":true,"href":"https:\/\/www.europesays.com\/fi\/wp-json\/wp\/v2\/comments?post=81166"}],"version-history":[{"count":0,"href":"https:\/\/www.europesays.com\/fi\/wp-json\/wp\/v2\/posts\/81166\/revisions"}],"wp:featuredmedia":[{"embeddable":true,"href":"https:\/\/www.europesays.com\/fi\/wp-json\/wp\/v2\/media\/81167"}],"wp:attachment":[{"href":"https:\/\/www.europesays.com\/fi\/wp-json\/wp\/v2\/media?parent=81166"}],"wp:term":[{"taxonomy":"category","embeddable":true,"href":"https:\/\/www.europesays.com\/fi\/wp-json\/wp\/v2\/categories?post=81166"},{"taxonomy":"post_tag","embeddable":true,"href":"https:\/\/www.europesays.com\/fi\/wp-json\/wp\/v2\/tags?post=81166"}],"curies":[{"name":"wp","href":"https:\/\/api.w.org\/{rel}","templated":true}]}}