{"id":81174,"date":"2025-11-04T21:11:10","date_gmt":"2025-11-04T21:11:10","guid":{"rendered":"https:\/\/www.europesays.com\/fi\/81174\/"},"modified":"2025-11-04T21:11:10","modified_gmt":"2025-11-04T21:11:10","slug":"nyt-se-on-virallista-whatsapp-tulee-apple-watchiin-tasta-paivasta-alkaen","status":"publish","type":"post","link":"https:\/\/www.europesays.com\/fi\/81174\/","title":{"rendered":"Nyt se on virallista: WhatsApp tulee Apple Watchiin t\u00e4st\u00e4 p\u00e4iv\u00e4st\u00e4 alkaen"},"content":{"rendered":"<p><a href=\"https:\/\/mobiili.fi\/wp-content\/uploads\/2025\/11\/whatsapp_apple_watch.jpg\" data-lightbox=\"image\" rel=\"nofollow noopener\" target=\"_blank\"><img fetchpriority=\"high\" decoding=\"async\" aria-describedby=\"caption-attachment-268145\" class=\"size-large wp-image-268145\" src=\"data:image\/svg+xml,%3Csvg%20xmlns=\" http:=\"\" alt=\"WhatsApp Apple Watchissa.\" width=\"1200\" height=\"675\" data-lazy- data-lazy- data-lazy-src=\"https:\/\/www.europesays.com\/fi\/wp-content\/uploads\/2025\/11\/whatsapp_apple_watch-1200x675.jpg\"\/><\/a><\/p>\n<p id=\"caption-attachment-268145\" class=\"wp-caption-text\">WhatsApp Apple Watchissa.<\/p>\n<p>Metan omistama WhatsApp on virallisesti kertonut tuovansa sovelluksensa saataville my\u00f6s Apple Watchille.<\/p>\n<p>Jo lokakuun lopulla WhatsApp aloitti testaamaan Apple Watchille uutta lis\u00e4sovellusta, joka toimii yhdess\u00e4 paritetun iPhonen WhatsApp-sovelluksen kanssa.<\/p>\n<p>Nyt WhatsAppin tulosta Apple Watchille on ilmoitettu virallisesti, ja sovelluksen julkaisu tapahtuu jo t\u00e4st\u00e4 p\u00e4iv\u00e4st\u00e4 alkaen. WhatsApp-lis\u00e4sovellus tulee saataville Apple Watch Series 4:lle ja uudemmille, joissa on k\u00e4yt\u00f6ss\u00e4 watchOS 10 -k\u00e4ytt\u00f6j\u00e4rjestelm\u00e4versio. Todenn\u00e4k\u00f6isesti jakelu tapahtuu vaiheittain eli uusi mahdollisuus avautuu pikku hiljaa useammille k\u00e4ytt\u00e4jille.<\/p>\n<p style=\"width: 98%; text-align: center; font-size:13px; border-bottom: 1px solid #C8C8C8; line-height: 0.1em; margin: 8px 1% 16px 1%;\">MAINOS (ARTIKKELI JATKUU ALLA)<\/p>\n<p>WhatsAppin lis\u00e4sovellus iPhonessa mahdollistaa esimerkiksi keskustelujen selaamisen kuvien ja tarrojen kera, viestien kirjoittamisen ja l\u00e4hett\u00e4misen sek\u00e4 emoji-reaktiot suoraan kellosta. Sovelluksella voi my\u00f6s l\u00e4hett\u00e4\u00e4 \u00e4\u00e4niviestej\u00e4 ja viestien kirjoittaminen onnistuu my\u00f6s sanelemalla. Tarjolla on my\u00f6s ilmoitukset saapuvista WhatsApp-puheluista.<\/p>\n<p>Vaikka kyse ei ole t\u00e4ysin itsen\u00e4isest\u00e4 sovelluksesta, mahdollistaa tuleva WhatsAppin lis\u00e4sovellus Apple Watchille viestipalvelun k\u00e4yt\u00f6n siis varsin monipuolisesti suoraan kellosta. T\u00e4h\u00e4n asti WhatsAppin k\u00e4ytt\u00f6 Apple Watcheissa on rajoittunut ilmoituksiin reagoimiseen.<\/p>\n<p>WhatsApp-lis\u00e4sovellus on osa WhatsAppin iPhone-sovellusta, josta se vaatii ajantasaisen version.<\/p>\n<p>Mainos: <a href=\"https:\/\/hinta.fi\/?src=gPp6fX03\" target=\"_blank\" rel=\"nofollow noopener\">Noin 1 600 000 tuotteen hintavertailu ja hintaseuranta &#8211; katso Hinta.fist\u00e4 mist\u00e4 saat halvimmalla<\/a><\/p>\n","protected":false},"excerpt":{"rendered":"WhatsApp Apple Watchissa. Metan omistama WhatsApp on virallisesti kertonut tuovansa sovelluksensa saataville my\u00f6s Apple Watchille. Jo lokakuun lopulla&hellip;\n","protected":false},"author":2,"featured_media":81175,"comment_status":"","ping_status":"","sticky":false,"template":"","format":"standard","meta":{"footnotes":""},"categories":[84],"tags":[33,31,30,32,91,92],"class_list":{"0":"post-81174","1":"post","2":"type-post","3":"status-publish","4":"format-standard","5":"has-post-thumbnail","7":"category-teknologia","8":"tag-fi","9":"tag-finland","10":"tag-finnish","11":"tag-suomi","12":"tag-technology","13":"tag-teknologia"},"share_on_mastodon":{"url":"https:\/\/pubeurope.com\/@fi\/115493488823047616","error":""},"_links":{"self":[{"href":"https:\/\/www.europesays.com\/fi\/wp-json\/wp\/v2\/posts\/81174","targetHints":{"allow":["GET"]}}],"collection":[{"href":"https:\/\/www.europesays.com\/fi\/wp-json\/wp\/v2\/posts"}],"about":[{"href":"https:\/\/www.europesays.com\/fi\/wp-json\/wp\/v2\/types\/post"}],"author":[{"embeddable":true,"href":"https:\/\/www.europesays.com\/fi\/wp-json\/wp\/v2\/users\/2"}],"replies":[{"embeddable":true,"href":"https:\/\/www.europesays.com\/fi\/wp-json\/wp\/v2\/comments?post=81174"}],"version-history":[{"count":0,"href":"https:\/\/www.europesays.com\/fi\/wp-json\/wp\/v2\/posts\/81174\/revisions"}],"wp:featuredmedia":[{"embeddable":true,"href":"https:\/\/www.europesays.com\/fi\/wp-json\/wp\/v2\/media\/81175"}],"wp:attachment":[{"href":"https:\/\/www.europesays.com\/fi\/wp-json\/wp\/v2\/media?parent=81174"}],"wp:term":[{"taxonomy":"category","embeddable":true,"href":"https:\/\/www.europesays.com\/fi\/wp-json\/wp\/v2\/categories?post=81174"},{"taxonomy":"post_tag","embeddable":true,"href":"https:\/\/www.europesays.com\/fi\/wp-json\/wp\/v2\/tags?post=81174"}],"curies":[{"name":"wp","href":"https:\/\/api.w.org\/{rel}","templated":true}]}}