{"id":81182,"date":"2025-11-04T21:15:08","date_gmt":"2025-11-04T21:15:08","guid":{"rendered":"https:\/\/www.europesays.com\/fi\/81182\/"},"modified":"2025-11-04T21:15:08","modified_gmt":"2025-11-04T21:15:08","slug":"vuokralaisen-kissa-tuhosi-tampereella-alle-vuodessa-asuntoa-yli-9-000-euron-edesta-lasku-vuokralaiselle","status":"publish","type":"post","link":"https:\/\/www.europesays.com\/fi\/81182\/","title":{"rendered":"Vuokralaisen kissa tuhosi Tampereella alle vuodessa asuntoa yli 9\u202f000 euron edest\u00e4 \u2013 lasku vuokralaiselle"},"content":{"rendered":"<p>Vuokralainen oli vaatinut, ett\u00e4 vuokranantaja luopuu perim\u00e4st\u00e4 l\u00e4hett\u00e4m\u00e4\u00e4ns\u00e4 laskua.<\/p>\n<p class=\"article-body mb-nof-24 px-nof-16\">Vuokralaisen kissa aiheutti vaurioita asuntoon, mink\u00e4 vuoksi vuokralaisen tulisi maksaa vuokranantajalle 9\u202f152,55 euroa korjauskuluja, toteaa kuluttajariitalautakunta lokakuisessa <a class=\"article-genericlink\" href=\"https:\/\/www.kuluttajariita.fi\/fi\/index\/lautakunnanratkaisuja\/vuokrahuoneistonlattioidenvauriotvuokrasuhteenpaattyessajavuokralaisenvahingonkorvausvelvollisuus.html\" rel=\"nofollow noopener\" target=\"_blank\">p\u00e4\u00e4t\u00f6ksess\u00e4\u00e4n<\/a>.<\/p>\n<p class=\"article-body mb-nof-24 px-nof-16\">Tamperelaiseen kaksioon vuonna 2021 muuttanut vuokralainen asui asunnossa kissansa kanssa l\u00e4hes vuoden. Vuokrasuhteen p\u00e4\u00e4tytty\u00e4 vuokranantaja teetti remontin v\u00e4itt\u00e4miens\u00e4 homevaurioiden vuoksi ja l\u00e4hetti laskun vuokralaiselle. Vuokralainen vaati, ett\u00e4 vuokranantaja luopuu perim\u00e4st\u00e4 l\u00e4hett\u00e4m\u00e4\u00e4ns\u00e4 laskua.<\/p>\n<p class=\"article-body mb-nof-24 px-nof-16\">Kosteusmittauksissa k\u00e4vi ilmi, ettei huoneiston rakenteissa ollut poikkeavia pintakosteuslukemia. P\u00e4\u00e4t\u00f6ksess\u00e4 kuitenkin kerrotaan, ett\u00e4 huoneistossa hajuhaittoja aiheuttivat vuokralaisen kissan j\u00e4tt\u00e4m\u00e4t virtsaj\u00e4ljet.<\/p>\n<p class=\"article-body mb-nof-24 px-nof-16\">Tarkastusraportin mukaan huoneiston k\u00e4yt\u00e4v\u00e4ll\u00e4, kahdessa asuinhuoneessa ja ilmeisesti vaatehuoneessa havaittiin laajalti kissan virtsan voimakasta hajua. Lattioissa kerrottiin olleen my\u00f6s virtsan aiheuttamia v\u00e4rimuunnoksia sek\u00e4 sein\u00e4levytysten alaosissa paikoin vaurioita.<\/p>\n<p class=\"article-body mb-nof-24 px-nof-16\">Tarkastusraportissa toimenpiteiksi suositeltiin lattiapinnoitteiden purkua, lattiatasoitteen poistoa puhtaalle betonipinnalle ja j\u00e4lleenrakennusta.<\/p>\n<p class=\"article-body mb-nof-24 px-nof-16\">Lautakunnan mukaan kissan virtsan aiheuttama pintakosteus haihtuu ajan my\u00f6t\u00e4, mutta esimerkiksi haju ja materiaalien haurastuminen eiv\u00e4t korjaannu kosteuden haihduttua.<\/p>\n<p class=\"article-body mb-nof-24 px-nof-16\">Lautakunnan mukaan vuokranantajalla on oikeus korvaukseen ja se katsoo, ett\u00e4 vuokralaisen tulee korvata vuokranantajalle aiheutuneet korjauskulut.<\/p>\n","protected":false},"excerpt":{"rendered":"Vuokralainen oli vaatinut, ett\u00e4 vuokranantaja luopuu perim\u00e4st\u00e4 l\u00e4hett\u00e4m\u00e4\u00e4ns\u00e4 laskua. Vuokralaisen kissa aiheutti vaurioita asuntoon, mink\u00e4 vuoksi vuokralaisen tulisi&hellip;\n","protected":false},"author":2,"featured_media":1431,"comment_status":"","ping_status":"","sticky":false,"template":"","format":"standard","meta":{"footnotes":""},"categories":[5],"tags":[157,22,23,26,27,33,31,30,17,24,25,28,29,15,18,21,32,19,20,16],"class_list":{"0":"post-81182","1":"post","2":"type-post","3":"status-publish","4":"format-standard","5":"has-post-thumbnail","7":"category-otsikot","8":"tag-aamulehti","9":"tag-breaking-news","10":"tag-breakingnews","11":"tag-featured-news","12":"tag-featurednews","13":"tag-fi","14":"tag-finland","15":"tag-finnish","16":"tag-headlines","17":"tag-latest-news","18":"tag-latestnews","19":"tag-main-news","20":"tag-mainnews","21":"tag-news","22":"tag-otsikot","23":"tag-paauutiset","24":"tag-suomi","25":"tag-top-stories","26":"tag-topstories","27":"tag-uutiset"},"share_on_mastodon":{"url":"https:\/\/pubeurope.com\/@fi\/115493504661304178","error":""},"_links":{"self":[{"href":"https:\/\/www.europesays.com\/fi\/wp-json\/wp\/v2\/posts\/81182","targetHints":{"allow":["GET"]}}],"collection":[{"href":"https:\/\/www.europesays.com\/fi\/wp-json\/wp\/v2\/posts"}],"about":[{"href":"https:\/\/www.europesays.com\/fi\/wp-json\/wp\/v2\/types\/post"}],"author":[{"embeddable":true,"href":"https:\/\/www.europesays.com\/fi\/wp-json\/wp\/v2\/users\/2"}],"replies":[{"embeddable":true,"href":"https:\/\/www.europesays.com\/fi\/wp-json\/wp\/v2\/comments?post=81182"}],"version-history":[{"count":0,"href":"https:\/\/www.europesays.com\/fi\/wp-json\/wp\/v2\/posts\/81182\/revisions"}],"wp:featuredmedia":[{"embeddable":true,"href":"https:\/\/www.europesays.com\/fi\/wp-json\/wp\/v2\/media\/1431"}],"wp:attachment":[{"href":"https:\/\/www.europesays.com\/fi\/wp-json\/wp\/v2\/media?parent=81182"}],"wp:term":[{"taxonomy":"category","embeddable":true,"href":"https:\/\/www.europesays.com\/fi\/wp-json\/wp\/v2\/categories?post=81182"},{"taxonomy":"post_tag","embeddable":true,"href":"https:\/\/www.europesays.com\/fi\/wp-json\/wp\/v2\/tags?post=81182"}],"curies":[{"name":"wp","href":"https:\/\/api.w.org\/{rel}","templated":true}]}}