{"id":81207,"date":"2025-11-04T22:06:09","date_gmt":"2025-11-04T22:06:09","guid":{"rendered":"https:\/\/www.europesays.com\/fi\/81207\/"},"modified":"2025-11-04T22:06:09","modified_gmt":"2025-11-04T22:06:09","slug":"kauhua-jyvaskylan-kaduilla-nain-pysayttavasti-puhuvat-nuoret","status":"publish","type":"post","link":"https:\/\/www.europesays.com\/fi\/81207\/","title":{"rendered":"Kauhua Jyv\u00e4skyl\u00e4n kaduilla \u2013 N\u00e4in pys\u00e4ytt\u00e4v\u00e4sti puhuvat nuoret"},"content":{"rendered":"<p>Poliisi ep\u00e4ilee, ett\u00e4 Jyv\u00e4skyl\u00e4n viime viikon ry\u00f6st\u00f6jen takana on ainakin osittain sama ulkomaalaistaustaisista nuorista koostuva ryhm\u00e4.<\/p>\n<p><img decoding=\"async\" class=\"image image-show image-preview\" src=\"https:\/\/www.europesays.com\/fi\/wp-content\/uploads\/2025\/11\/1a66990decc8e3758d896260bb836fc555e5124e3d294f46c27fb60fe63e54aa.jpg\" alt=\"\"\/><img decoding=\"async\" class=\"image image-show\" src=\"https:\/\/www.europesays.com\/fi\/wp-content\/uploads\/2025\/11\/1762293969_675_1a66990decc8e3758d896260bb836fc555e5124e3d294f46c27fb60fe63e54aa.jpg\" alt=\"\"\/><\/p>\n<p>Ry\u00f6st\u00f6ist\u00e4 ep\u00e4illyt nuoret ovat 14\u201319-vuotiaita. Kuvituskuva. Inka Soveri<\/p>\n<p class=\"paragraph\">Jyv\u00e4skyl\u00e4ss\u00e4 <a href=\"https:\/\/www.iltalehti.fi\/kotimaa\/8cf8faf8-309a-4629-bc1a-6dc2b5673546\" rel=\"nofollow noopener\" target=\"_blank\">tapahtui<\/a> viime viikolla kolme ry\u00f6st\u00f6\u00e4, joissa uhreilta ry\u00f6stettiin v\u00e4kivalloin omaisuutta p\u00e4\u00e4lt\u00e4 julkisella paikalla. Nuoret kertovat <a href=\"https:\/\/www.ksml.fi\/paikalliset\/8973154\" rel=\"noopener nofollow\" target=\"_blank\">Keskisuomalaiselle<\/a> olevansa huolissaan ilmi\u00f6st\u00e4.<\/p>\n<p class=\"paragraph\">\u2013 Nuorisoporukka on hy\u00f6k\u00e4nnyt veitsen kanssa omankin l\u00e4heiseni p\u00e4\u00e4lle ja jahdannut Jyv\u00e4skyl\u00e4ss\u00e4. Kaupunki on muuttunut huonompaan suuntaan, 18-vuotias <strong>Viktoria Toth<\/strong> sanoo.<\/p>\n<p class=\"paragraph\">17-vuotiaan <strong>Claude Ndayisengan<\/strong><strong> <\/strong>mielest\u00e4 turvallisuutta pit\u00e4isi lis\u00e4t\u00e4 Jyv\u00e4skyl\u00e4ss\u00e4.<\/p>\n<p class=\"paragraph\">\u2013 Olen kuullut, ett\u00e4 kavereiden kaverit ovat ry\u00f6st\u00e4neet ihmisi\u00e4, ja siit\u00e4 tulee sellainen olo, ett\u00e4 kannattaako pihalla edes liikkua, 18-vuotias <strong>Sofja Aranson<\/strong> kertoo.<\/p>\n<p class=\"paragraph\">Ndayisengaa eik\u00e4 Aransonia kuitenkaan pelota kaupungilla liikkuminen.<\/p>\n<p>Ulkomaalaistaustainen nuorisoporukka<\/p>\n<p class=\"paragraph\">Lapsiasiavaltuutettu <strong>Elina Pekkarinen<\/strong> kertoo Keskisuomalaiselle, ett\u00e4 nuorten tekem\u00e4t ry\u00f6st\u00f6rikokset ovat olleet kasvussa 2010-luvun loppupuolelta asti.<\/p>\n<p class=\"paragraph\">\u2013\u2009N\u00e4iss\u00e4 teoissa ulkomaalaistaustaiset lapset ja nuoret ovat tyypillisesti yliedustettuina, h\u00e4n sanoo.<\/p>\n<p class=\"paragraph\">Poliisi ep\u00e4ilee, ett\u00e4 viime viikon ry\u00f6st\u00f6jen takana on sama tai ainakin osittain sama ulkomaalaistaustaisista nuorista koostuva ryhm\u00e4. Nuoret ovat 14\u201319-vuotiaita.<\/p>\n","protected":false},"excerpt":{"rendered":"Poliisi ep\u00e4ilee, ett\u00e4 Jyv\u00e4skyl\u00e4n viime viikon ry\u00f6st\u00f6jen takana on ainakin osittain sama ulkomaalaistaustaisista nuorista koostuva ryhm\u00e4. Ry\u00f6st\u00f6ist\u00e4 ep\u00e4illyt&hellip;\n","protected":false},"author":2,"featured_media":81208,"comment_status":"","ping_status":"","sticky":false,"template":"","format":"standard","meta":{"footnotes":""},"categories":[12],"tags":[35,22,23,26,27,33,31,30,17,55,24,25,28,29,15,18,21,54,52,103,32,19,20,16,40],"class_list":{"0":"post-81207","1":"post","2":"type-post","3":"status-publish","4":"format-standard","5":"has-post-thumbnail","7":"category-suomi","8":"tag-24h","9":"tag-breaking-news","10":"tag-breakingnews","11":"tag-featured-news","12":"tag-featurednews","13":"tag-fi","14":"tag-finland","15":"tag-finnish","16":"tag-headlines","17":"tag-lainvalvonta","18":"tag-latest-news","19":"tag-latestnews","20":"tag-main-news","21":"tag-mainnews","22":"tag-news","23":"tag-otsikot","24":"tag-paauutiset","25":"tag-pelastuspalvelut","26":"tag-poliisi","27":"tag-sosiaalikysymykset","28":"tag-suomi","29":"tag-top-stories","30":"tag-topstories","31":"tag-uutiset","32":"tag-vakivalta"},"share_on_mastodon":{"url":"https:\/\/pubeurope.com\/@fi\/115493705440023657","error":""},"_links":{"self":[{"href":"https:\/\/www.europesays.com\/fi\/wp-json\/wp\/v2\/posts\/81207","targetHints":{"allow":["GET"]}}],"collection":[{"href":"https:\/\/www.europesays.com\/fi\/wp-json\/wp\/v2\/posts"}],"about":[{"href":"https:\/\/www.europesays.com\/fi\/wp-json\/wp\/v2\/types\/post"}],"author":[{"embeddable":true,"href":"https:\/\/www.europesays.com\/fi\/wp-json\/wp\/v2\/users\/2"}],"replies":[{"embeddable":true,"href":"https:\/\/www.europesays.com\/fi\/wp-json\/wp\/v2\/comments?post=81207"}],"version-history":[{"count":0,"href":"https:\/\/www.europesays.com\/fi\/wp-json\/wp\/v2\/posts\/81207\/revisions"}],"wp:featuredmedia":[{"embeddable":true,"href":"https:\/\/www.europesays.com\/fi\/wp-json\/wp\/v2\/media\/81208"}],"wp:attachment":[{"href":"https:\/\/www.europesays.com\/fi\/wp-json\/wp\/v2\/media?parent=81207"}],"wp:term":[{"taxonomy":"category","embeddable":true,"href":"https:\/\/www.europesays.com\/fi\/wp-json\/wp\/v2\/categories?post=81207"},{"taxonomy":"post_tag","embeddable":true,"href":"https:\/\/www.europesays.com\/fi\/wp-json\/wp\/v2\/tags?post=81207"}],"curies":[{"name":"wp","href":"https:\/\/api.w.org\/{rel}","templated":true}]}}