{"id":81211,"date":"2025-11-04T22:19:09","date_gmt":"2025-11-04T22:19:09","guid":{"rendered":"https:\/\/www.europesays.com\/fi\/81211\/"},"modified":"2025-11-04T22:19:09","modified_gmt":"2025-11-04T22:19:09","slug":"diandra-halailee-julkkiskomistusta-seiska","status":"publish","type":"post","link":"https:\/\/www.europesays.com\/fi\/81211\/","title":{"rendered":"Diandra: halailee julkkiskomistusta | Seiska"},"content":{"rendered":"<p>\n            20240826 HELSINKI.  G Livelab, El\u00e4m\u00e4ni biisi pressitilaisuus. Diandra. KUVA: ATTE KAJOVA<br \/>\n            ATTE KAJOVA\n        <\/p>\n<p class=\"subtitle \">Laulaja l\u00e4htee pian joulukonserttikiertueelle.<\/p>\n<p class=\"article-content article-content-width !bg-background\">Laulaja , 31, kuuluu kotimaan kirkkaimpiin laulajat\u00e4htiin.<\/p>\n<p class=\"font-weight-bold m-font-weight-bold article-content article-content-width !bg-background\">Katso arkistovudeo \u2013 Diandra on ollut varattu jo usean vuoden ajan:<\/p>\n<p>&#8221;Maailman paras&#8221;<\/p>\n<p class=\"article-content article-content-width !bg-background\">Diandra p\u00e4ivitt\u00e4\u00e4 aktiivisesti musiikkipainotteista Instagram-tili\u00e4\u00e4n, jolla h\u00e4nell\u00e4 on huimat yli 124 000 seuraajaa.<\/p>\n<p class=\"article-content article-content-width !bg-background\">Tuoreessa julkaisussaa Diandra halaa yst\u00e4v\u00e4\u00e4ns\u00e4, muusikko-pianisti . Hymyilev\u00e4 kaksikko istuu ravintolan p\u00f6yd\u00e4ss\u00e4 p\u00e4\u00e4t vastakkain, ja Diandra pit\u00e4\u00e4 k\u00e4tt\u00e4\u00e4n Lenni-Kallen harteilla.<\/p>\n<p class=\"article-content article-content-width !bg-background\">\u2013\u00a0Paljon onnea syntt\u00e4risankari, maailman paras Lenni-Kalle! Diandra hehkuttaa julkaisussaan.<\/p>\n<p>        <a itemprop=\"url\" href=\"https:\/\/www.seiska.fi\/kotimaa\/diandralta-uskomaton-paljastus\/1962706\" rel=\"nofollow noopener\" target=\"_blank\"><\/p>\n<p>\nOho!\n<\/p>\n<p class=\"section-date\">\n        <strong class=\"article-section\" data-section=\"kotimaa\"><br \/>\n            kotimaa<br \/>\n        <\/strong><br \/>\n        15.10. 11:35\n    <\/p>\n<p>Diandralta uskomaton paljastus\n    <\/p>\n<p itemprop=\"description\" class=\"subtitle \">\n    Artisti hehkuu onnea rakkaudent\u00e4yteisess\u00e4 ulostulossa.\n<\/p>\n<p>        <\/a><\/p>\n<p class=\"article-content article-content-width !bg-background\">Lenni-Kalle t\u00e4ytti eilen, 3. marraskuuta, 47 vuotta.\u00a0The Voice of Finlandin musiikkituottajanakin ty\u00f6skentelev\u00e4 Lenni-Kalle jakoi p\u00e4ivityksen omassa Instagram-storyssaan syd\u00e4men kera.<\/p>\n<p class=\"article-content article-content-width !bg-background\">Lenni-Kalle on monille televisiokatsojille tuttu \u2013 h\u00e4net n\u00e4hd\u00e4\u00e4n my\u00f6s El\u00e4m\u00e4ni biisi -sarjan b\u00e4ndiss\u00e4. H\u00e4n on soittanut my\u00f6s muun muassa ohjelmissa Napakymppi, SuomiLove ja Bumtsibum. T\u00e4m\u00e4n lis\u00e4ksi monilahjakkuus voitti\u00a0Masked Singer Suomi\u00a0-ohjelman vuonna 2022.<\/p>\n<p>        <a itemprop=\"url\" href=\"https:\/\/www.seiska.fi\/kotimaa\/huoli-herasi-diandrasta\/1962272\" rel=\"nofollow noopener\" target=\"_blank\"><\/p>\n<p>\nN\u00e4in laulaja vastaa\n<\/p>\n<p class=\"section-date\">\n        <strong class=\"article-section\" data-section=\"kotimaa\"><br \/>\n            kotimaa<br \/>\n        <\/strong><br \/>\n        14.10. 20:00\n    <\/p>\n<p>Huoli her\u00e4si Diandrasta\n    <\/p>\n<p itemprop=\"description\" class=\"subtitle \">\n    Diandra l\u00e4htee marraskuussa eritt\u00e4in kattavalle keikkakiertueelle.\n<\/p>\n<p>        <\/a><\/p>\n<p>Joulun j\u00e4ttikiertue alkaa pian<\/p>\n<p class=\"article-content article-content-width !bg-background\">Diandra nousi suuren yleis\u00f6n tietoisuuteen vuonna 2012 voitettuaan Idols-laulukilpailun kuudennen tuotantokauden ollessaan vain 18-vuotias.<\/p>\n<p class=\"article-content article-content-width !bg-background\">Upea\u00e4\u00e4ninen kaunotar on julkaissut uransa aikana kolme studioalbumia, joista uusin ilmestyi vuonna 2015.<\/p>\n<p>        <a itemprop=\"url\" href=\"https:\/\/www.seiska.fi\/katso\/katsojilta-yksimielinen-tuomio-katja-stahlin-paluulle-elamani-biisiin\/1981603\" rel=\"nofollow noopener\" target=\"_blank\"><\/p>\n<p>\nKatja St\u00e5hlin paluu\n<\/p>\n<p class=\"section-date\">\n        <strong class=\"article-section\" data-section=\"katso\"><br \/>\n            katso<br \/>\n        <\/strong><br \/>\n        3.11. 12:15\n    <\/p>\n<p>Katsojilta yksimielinen tuomio Katja St\u00e5hlin paluulle El\u00e4m\u00e4ni biisiin\n    <\/p>\n<p itemprop=\"description\" class=\"subtitle \">\n    Katja St\u00e5hl palasi El\u00e4m\u00e4ni biisin ruoriin 1. marraskuuta.\n<\/p>\n<p>        <\/a><\/p>\n<p class=\"article-content article-content-width !bg-background\">Laulajat\u00e4hden syksyn ja loppuvuoden kalenteri on t\u00e4yttynyt l\u00e4hes \u00e4\u00e4rimmilleen \u2013 laulajattaren aika kuluu El\u00e4m\u00e4ni biisi -ohjelman parissa ja keikkalavoilla.\u00a0Diandra on ollut mukana ohjelmassa sen alkuhetkist\u00e4 l\u00e4htien, vuodesta 2019.<\/p>\n<p class=\"article-content article-content-width !bg-background\">Diandran loppuvuoden t\u00e4ytt\u00e4\u00e4 my\u00f6s Kerran joulukuun aikaan -joulukiertue, joka k\u00e4sitt\u00e4\u00e4 per\u00e4ti 31 konserttia. Kiertueen ensimm\u00e4inen konsertti on 20. marraskuuta.<\/p>\n","protected":false},"excerpt":{"rendered":"20240826 HELSINKI. G Livelab, El\u00e4m\u00e4ni biisi pressitilaisuus. Diandra. KUVA: ATTE KAJOVA ATTE KAJOVA Laulaja l\u00e4htee pian joulukonserttikiertueelle. Laulaja&hellip;\n","protected":false},"author":2,"featured_media":81212,"comment_status":"","ping_status":"","sticky":false,"template":"","format":"standard","meta":{"footnotes":""},"categories":[136],"tags":[407,6896,2632,137,33,31,30,408,16945,2846,1876,3018,32,109],"class_list":{"0":"post-81211","1":"post","2":"type-post","3":"status-publish","4":"format-standard","5":"has-post-thumbnail","7":"category-julkkikset","8":"tag-celebrities","9":"tag-diandra","10":"tag-elamani-biisi","11":"tag-entertainment","12":"tag-fi","13":"tag-finland","14":"tag-finnish","15":"tag-julkkikset","16":"tag-kerran-joulukuun-aikaan","17":"tag-lenni-kalle-taipale","18":"tag-masked-singer-suomi","19":"tag-muusikko","20":"tag-suomi","21":"tag-viihde"},"share_on_mastodon":{"url":"https:\/\/pubeurope.com\/@fi\/115493756156501827","error":""},"_links":{"self":[{"href":"https:\/\/www.europesays.com\/fi\/wp-json\/wp\/v2\/posts\/81211","targetHints":{"allow":["GET"]}}],"collection":[{"href":"https:\/\/www.europesays.com\/fi\/wp-json\/wp\/v2\/posts"}],"about":[{"href":"https:\/\/www.europesays.com\/fi\/wp-json\/wp\/v2\/types\/post"}],"author":[{"embeddable":true,"href":"https:\/\/www.europesays.com\/fi\/wp-json\/wp\/v2\/users\/2"}],"replies":[{"embeddable":true,"href":"https:\/\/www.europesays.com\/fi\/wp-json\/wp\/v2\/comments?post=81211"}],"version-history":[{"count":0,"href":"https:\/\/www.europesays.com\/fi\/wp-json\/wp\/v2\/posts\/81211\/revisions"}],"wp:featuredmedia":[{"embeddable":true,"href":"https:\/\/www.europesays.com\/fi\/wp-json\/wp\/v2\/media\/81212"}],"wp:attachment":[{"href":"https:\/\/www.europesays.com\/fi\/wp-json\/wp\/v2\/media?parent=81211"}],"wp:term":[{"taxonomy":"category","embeddable":true,"href":"https:\/\/www.europesays.com\/fi\/wp-json\/wp\/v2\/categories?post=81211"},{"taxonomy":"post_tag","embeddable":true,"href":"https:\/\/www.europesays.com\/fi\/wp-json\/wp\/v2\/tags?post=81211"}],"curies":[{"name":"wp","href":"https:\/\/api.w.org\/{rel}","templated":true}]}}