{"id":81234,"date":"2025-11-04T22:53:08","date_gmt":"2025-11-04T22:53:08","guid":{"rendered":"https:\/\/www.europesays.com\/fi\/81234\/"},"modified":"2025-11-04T22:53:08","modified_gmt":"2025-11-04T22:53:08","slug":"tauski-ja-henna-peltonen-eroavat-jalleen-avioero-vahvistettu","status":"publish","type":"post","link":"https:\/\/www.europesays.com\/fi\/81234\/","title":{"rendered":"Tauski ja Henna Peltonen eroavat j\u00e4lleen \u2013 Avioero vahvistettu"},"content":{"rendered":"<p class=\"article-content article-content-width !bg-background\">Dj <a alt=\"Haku\" class=\"text-primary-red font-extrabold\" href=\"https:\/\/www.seiska.fi\/haku?q=Henna Peltonen\" rel=\"nofollow noopener\" target=\"_blank\">Henna Peltonen<\/a> ja laulaja <a alt=\"Haku\" class=\"text-primary-red font-extrabold\" href=\"https:\/\/www.seiska.fi\/haku?q=Tauski Peltonen\" rel=\"nofollow noopener\" target=\"_blank\">Tauski Peltonen<\/a> eroavat.<\/p>\n<p class=\"article-content article-content-width !bg-background\">Henna Peltonen j\u00e4tti avierohakemuksen Pirkanmaan k\u00e4r\u00e4j\u00e4oikeuteen tiistaina.<\/p>\n<p class=\"article-content article-content-width !bg-background\">Seiska tavoitti Hennan, joka vahvistaa asian.<\/p>\n<p class=\"article-content article-content-width !bg-background\">\u2013 Pit\u00e4\u00e4 paikkansa, mutta en halua kommentoida eroa viel\u00e4 t\u00e4ss\u00e4 vaiheessa sen enemp\u00e4\u00e4, Henna kommentoi Seiskalle.<\/p>\n<p>V\u00e4rik\u00e4s suhde<\/p>\n<p class=\"article-content article-content-width !bg-background\">Henna ja Tauski avioituivat uudelleen syyskuussa 2023 salaisessa seremoniassa Turkissa.<\/p>\n<p class=\"article-content article-content-width !bg-background\">He olivat aiemmin olleet naimisissa ja kihlautuivat uudelleen kes\u00e4ll\u00e4 2020.<\/p>\n<p class=\"article-content article-content-width !bg-background\">Ensimm\u00e4isen kerran he meniv\u00e4t naimisiin vuonna 2011, mutta erosivat kahdeksan kuukautta my\u00f6hemmin.<\/p>\n<p class=\"article-content article-content-width !bg-background\">Heill\u00e4 on yhteinen lapsi.<\/p>\n<p>                <img decoding=\"async\" src=\"https:\/\/www.europesays.com\/fi\/wp-content\/uploads\/2025\/11\/1983606.webp\" width=\"576\" height=\"720\" alt=\"Tauski ja Henna Peltonen: Avioero!\" loading=\"lazy\" \/>            <\/p>\n<p>Yhteinen podcast-vierailu<\/p>\n<p class=\"article-content article-content-width !bg-background\">Henna ja Tauski olivat hiljattain <a alt=\"Haku\" class=\"text-primary-red font-extrabold\" href=\"https:\/\/www.seiska.fi\/haku?q=Sami Kurosen\" rel=\"nofollow noopener\" target=\"_blank\">Sami Kurosen<\/a> <a href=\"https:\/\/podimo.com\/fi\/shows\/sami-kuronen-iltanuotiolla\" target=\"_blank\" rel=\"nofollow noopener\">Iltanuotiolla<\/a>-podcastin vieraana.<\/p>\n<p class=\"article-content article-content-width !bg-background\">Pari paljasti etteiv\u00e4t avioliitostaan huolimatta asu yhteisess\u00e4 taloudessa.<\/p>\n<p class=\"article-content article-content-width !bg-background\">He kertoivat, ett\u00e4 menneisyyden kokemukset jarruttivat yhteenmuuttoa.<\/p>\n<p>Julkkisparin rajut vaiheet<\/p>\n<p class=\"article-content article-content-width !bg-background\">62-vuotias Tauski tunnetaan iskelm\u00e4laulajana parhaiten Sin\u00e4 vain -laulustaan.\u00a0<\/p>\n<p class=\"article-content article-content-width !bg-background\">Musiikkiuran lis\u00e4ksi Tauskin el\u00e4m\u00e4\u00e4 ovat v\u00e4ritt\u00e4neet lukuisat avioliitot. Ennen Hennaa h\u00e4n on ollut naimisissa muun muassa CatCat-yhtyeen <a alt=\"Haku\" class=\"text-primary-red font-extrabold\" href=\"https:\/\/www.seiska.fi\/haku?q=Virpi K\u00e4tk\u00e4n\" rel=\"nofollow noopener\" target=\"_blank\">Virpi K\u00e4tk\u00e4n<\/a> kanssa.<\/p>\n<p class=\"article-content article-content-width !bg-background\">Henna puolestaan on ollut julkisuudessa dj:n\u00e4 ja tanssijana. H\u00e4net tunnetaan my\u00f6s Dr. Albanin taustalaulajana.<\/p>\n<p class=\"article-content article-content-width !bg-background\">Tauskin tavoin Henna on ollut runsaasti julkisuudessa parisuhde-el\u00e4m\u00e4ns\u00e4 tiimoilta.<\/p>\n<p>                <img decoding=\"async\" src=\"https:\/\/www.europesays.com\/fi\/wp-content\/uploads\/2025\/11\/1983615.webp\" width=\"576\" height=\"720\" alt=\"Tauski ja Henna Peltonen: Avioero!\" loading=\"lazy\" \/>            <\/p>\n<p>            ATTE KAJOVA\n        <\/p>\n","protected":false},"excerpt":{"rendered":"Dj Henna Peltonen ja laulaja Tauski Peltonen eroavat. Henna Peltonen j\u00e4tti avierohakemuksen Pirkanmaan k\u00e4r\u00e4j\u00e4oikeuteen tiistaina. Seiska tavoitti Hennan,&hellip;\n","protected":false},"author":2,"featured_media":81235,"comment_status":"","ping_status":"","sticky":false,"template":"","format":"standard","meta":{"footnotes":""},"categories":[130],"tags":[2759,137,33,31,30,16954,16953,16955,651,32,4489,109],"class_list":{"0":"post-81234","1":"post","2":"type-post","3":"status-publish","4":"format-standard","5":"has-post-thumbnail","7":"category-viihde","8":"tag-avioero","9":"tag-entertainment","10":"tag-fi","11":"tag-finland","12":"tag-finnish","13":"tag-henna-peltonen","14":"tag-julkkispari","15":"tag-sami-kurosen-podcast","16":"tag-suhteet","17":"tag-suomi","18":"tag-tauski-peltonen","19":"tag-viihde"},"share_on_mastodon":{"url":"https:\/\/pubeurope.com\/@fi\/115493889985419511","error":""},"_links":{"self":[{"href":"https:\/\/www.europesays.com\/fi\/wp-json\/wp\/v2\/posts\/81234","targetHints":{"allow":["GET"]}}],"collection":[{"href":"https:\/\/www.europesays.com\/fi\/wp-json\/wp\/v2\/posts"}],"about":[{"href":"https:\/\/www.europesays.com\/fi\/wp-json\/wp\/v2\/types\/post"}],"author":[{"embeddable":true,"href":"https:\/\/www.europesays.com\/fi\/wp-json\/wp\/v2\/users\/2"}],"replies":[{"embeddable":true,"href":"https:\/\/www.europesays.com\/fi\/wp-json\/wp\/v2\/comments?post=81234"}],"version-history":[{"count":0,"href":"https:\/\/www.europesays.com\/fi\/wp-json\/wp\/v2\/posts\/81234\/revisions"}],"wp:featuredmedia":[{"embeddable":true,"href":"https:\/\/www.europesays.com\/fi\/wp-json\/wp\/v2\/media\/81235"}],"wp:attachment":[{"href":"https:\/\/www.europesays.com\/fi\/wp-json\/wp\/v2\/media?parent=81234"}],"wp:term":[{"taxonomy":"category","embeddable":true,"href":"https:\/\/www.europesays.com\/fi\/wp-json\/wp\/v2\/categories?post=81234"},{"taxonomy":"post_tag","embeddable":true,"href":"https:\/\/www.europesays.com\/fi\/wp-json\/wp\/v2\/tags?post=81234"}],"curies":[{"name":"wp","href":"https:\/\/api.w.org\/{rel}","templated":true}]}}