{"id":81236,"date":"2025-11-04T22:56:20","date_gmt":"2025-11-04T22:56:20","guid":{"rendered":"https:\/\/www.europesays.com\/fi\/81236\/"},"modified":"2025-11-04T22:56:20","modified_gmt":"2025-11-04T22:56:20","slug":"r-kioski-laajentaa-yhteistyota-lahettipalvelun-kanssa","status":"publish","type":"post","link":"https:\/\/www.europesays.com\/fi\/81236\/","title":{"rendered":"R-kioski laajentaa yhteisty\u00f6t\u00e4 l\u00e4hettipalvelun kanssa"},"content":{"rendered":"<p class=\"ai-optimize-6 ai-optimize-introduction\">R-kioski laajentaa yhteisty\u00f6t\u00e4\u00e4n l\u00e4hettipalvelu Woltin kanssa. R-kioski kertoo asiasta tiedotteessa.<\/p>\n<p class=\"ai-optimize-7\">Nyky\u00e4\u00e4n asiakkaat voivat tilata Woltin kautta tuotteita yhteens\u00e4 135 R-kioskin toimipisteest\u00e4 49 eri paikkakunnalta.<\/p>\n<p class=\"ai-optimize-8\">R-kioskin tiedotteen mukaan verkon kautta teht\u00e4v\u00e4t tilaukset kasvavat etenkin huonon s\u00e4\u00e4n, kuten lumi- tai vesisateen aikana. Wolt on lis\u00e4nnyt etenkin l\u00e4mpim\u00e4n ruoan ja makeisten myynti\u00e4.<\/p>\n<p class=\"ai-optimize-9\">R-kioski ja Wolt tekev\u00e4t yhteisty\u00f6t\u00e4 koko Reitan-konsernissa. Reitan-konserni osti R-kioskin vuonna 2012 Sanoma-konsernilta. Wolt toimii Reitan-konsernin ruoan pikatoimitusten l\u00e4hettikumppanina yhteens\u00e4 seitsem\u00e4ss\u00e4 eri maassa.<\/p>\n","protected":false},"excerpt":{"rendered":"R-kioski laajentaa yhteisty\u00f6t\u00e4\u00e4n l\u00e4hettipalvelu Woltin kanssa. R-kioski kertoo asiasta tiedotteessa. Nyky\u00e4\u00e4n asiakkaat voivat tilata Woltin kautta tuotteita yhteens\u00e4&hellip;\n","protected":false},"author":2,"featured_media":81237,"comment_status":"","ping_status":"","sticky":false,"template":"","format":"standard","meta":{"footnotes":""},"categories":[76],"tags":[79,77,33,31,30,12949,32,78],"class_list":{"0":"post-81236","1":"post","2":"type-post","3":"status-publish","4":"format-standard","5":"has-post-thumbnail","7":"category-talous","8":"tag-business","9":"tag-economy","10":"tag-fi","11":"tag-finland","12":"tag-finnish","13":"tag-kauppa","14":"tag-suomi","15":"tag-talous"},"share_on_mastodon":{"url":"https:\/\/pubeurope.com\/@fi\/115493901724768381","error":""},"_links":{"self":[{"href":"https:\/\/www.europesays.com\/fi\/wp-json\/wp\/v2\/posts\/81236","targetHints":{"allow":["GET"]}}],"collection":[{"href":"https:\/\/www.europesays.com\/fi\/wp-json\/wp\/v2\/posts"}],"about":[{"href":"https:\/\/www.europesays.com\/fi\/wp-json\/wp\/v2\/types\/post"}],"author":[{"embeddable":true,"href":"https:\/\/www.europesays.com\/fi\/wp-json\/wp\/v2\/users\/2"}],"replies":[{"embeddable":true,"href":"https:\/\/www.europesays.com\/fi\/wp-json\/wp\/v2\/comments?post=81236"}],"version-history":[{"count":0,"href":"https:\/\/www.europesays.com\/fi\/wp-json\/wp\/v2\/posts\/81236\/revisions"}],"wp:featuredmedia":[{"embeddable":true,"href":"https:\/\/www.europesays.com\/fi\/wp-json\/wp\/v2\/media\/81237"}],"wp:attachment":[{"href":"https:\/\/www.europesays.com\/fi\/wp-json\/wp\/v2\/media?parent=81236"}],"wp:term":[{"taxonomy":"category","embeddable":true,"href":"https:\/\/www.europesays.com\/fi\/wp-json\/wp\/v2\/categories?post=81236"},{"taxonomy":"post_tag","embeddable":true,"href":"https:\/\/www.europesays.com\/fi\/wp-json\/wp\/v2\/tags?post=81236"}],"curies":[{"name":"wp","href":"https:\/\/api.w.org\/{rel}","templated":true}]}}