{"id":81251,"date":"2025-11-04T23:22:20","date_gmt":"2025-11-04T23:22:20","guid":{"rendered":"https:\/\/www.europesays.com\/fi\/81251\/"},"modified":"2025-11-04T23:22:20","modified_gmt":"2025-11-04T23:22:20","slug":"panda-lopettaa-likoorikonvehtiensa-tuotannon-keski-suomi","status":"publish","type":"post","link":"https:\/\/www.europesays.com\/fi\/81251\/","title":{"rendered":"Panda lopettaa lik\u00f6\u00f6rikonvehtiensa tuotannon | Keski-Suomi"},"content":{"rendered":"<p>Jyv\u00e4skyl\u00e4n Vaajakoskella makeisia valmistava Panda lopettaa Liqueur-lik\u00f6\u00f6rikonvehtiensa tuotannon. Lik\u00f6\u00f6rikonvehtisekoituksessa oli konjakin, punssin, kirsikan ja rommin makuisia makeisia. Pussi on jo loppuunmyyty Pandan verkkokaupassa. 250 gramman pussia oli viel\u00e4 tiistaina saatavilla Jyv\u00e4skyl\u00e4n Vaajakosken Pandan tehtaanmyym\u00e4l\u00e4st\u00e4.<\/p>\n<p>Pandan omistavan Orkla Suomen viestint\u00e4p\u00e4\u00e4llikk\u00f6 <strong>Lotta Roitto<\/strong> kertoo s\u00e4hk\u00f6postitse, ett\u00e4 lik\u00f6\u00f6rikonvehtien lopettaminen liittyy tuotevalikoiman kehitt\u00e4miseen vastaamaan kuluttajien muuttuneita toiveita ja makumieltymyksi\u00e4.<\/p>\n","protected":false},"excerpt":{"rendered":"Jyv\u00e4skyl\u00e4n Vaajakoskella makeisia valmistava Panda lopettaa Liqueur-lik\u00f6\u00f6rikonvehtiensa tuotannon. Lik\u00f6\u00f6rikonvehtisekoituksessa oli konjakin, punssin, kirsikan ja rommin makuisia makeisia. Pussi&hellip;\n","protected":false},"author":2,"featured_media":81252,"comment_status":"","ping_status":"","sticky":false,"template":"","format":"standard","meta":{"footnotes":""},"categories":[76],"tags":[79,77,33,31,30,5856,425,14442,898,900,2331,32,78],"class_list":{"0":"post-81251","1":"post","2":"type-post","3":"status-publish","4":"format-standard","5":"has-post-thumbnail","7":"category-talous","8":"tag-business","9":"tag-economy","10":"tag-fi","11":"tag-finland","12":"tag-finnish","13":"tag-joulu","14":"tag-jyvaskyla","15":"tag-kansalliset-ja-kansainvaliset-juhlapaivat","16":"tag-kulutustavarat","17":"tag-ruoka","18":"tag-ruoka-ja-juoma","19":"tag-suomi","20":"tag-talous"},"share_on_mastodon":{"url":"https:\/\/pubeurope.com\/@fi\/115494003989465817","error":""},"_links":{"self":[{"href":"https:\/\/www.europesays.com\/fi\/wp-json\/wp\/v2\/posts\/81251","targetHints":{"allow":["GET"]}}],"collection":[{"href":"https:\/\/www.europesays.com\/fi\/wp-json\/wp\/v2\/posts"}],"about":[{"href":"https:\/\/www.europesays.com\/fi\/wp-json\/wp\/v2\/types\/post"}],"author":[{"embeddable":true,"href":"https:\/\/www.europesays.com\/fi\/wp-json\/wp\/v2\/users\/2"}],"replies":[{"embeddable":true,"href":"https:\/\/www.europesays.com\/fi\/wp-json\/wp\/v2\/comments?post=81251"}],"version-history":[{"count":0,"href":"https:\/\/www.europesays.com\/fi\/wp-json\/wp\/v2\/posts\/81251\/revisions"}],"wp:featuredmedia":[{"embeddable":true,"href":"https:\/\/www.europesays.com\/fi\/wp-json\/wp\/v2\/media\/81252"}],"wp:attachment":[{"href":"https:\/\/www.europesays.com\/fi\/wp-json\/wp\/v2\/media?parent=81251"}],"wp:term":[{"taxonomy":"category","embeddable":true,"href":"https:\/\/www.europesays.com\/fi\/wp-json\/wp\/v2\/categories?post=81251"},{"taxonomy":"post_tag","embeddable":true,"href":"https:\/\/www.europesays.com\/fi\/wp-json\/wp\/v2\/tags?post=81251"}],"curies":[{"name":"wp","href":"https:\/\/api.w.org\/{rel}","templated":true}]}}