{"id":81255,"date":"2025-11-04T23:24:07","date_gmt":"2025-11-04T23:24:07","guid":{"rendered":"https:\/\/www.europesays.com\/fi\/81255\/"},"modified":"2025-11-04T23:24:07","modified_gmt":"2025-11-04T23:24:07","slug":"voidaan-puhua-jo-telakkateollisuuden-renessanssista","status":"publish","type":"post","link":"https:\/\/www.europesays.com\/fi\/81255\/","title":{"rendered":"&#8221;Voidaan puhua jo telakkateollisuuden renessanssista\u201d"},"content":{"rendered":"<p class=\"ai-optimize-6 ai-optimize-introduction\">Elinkeinoel\u00e4m\u00e4n tutkimuslaitoksen t\u00e4n\u00e4\u00e4n julkaiseman toimialakohtaisen ennusteen mukaan Suomen l\u00e4hivuosien talouskasvua kannattelevat erityisesti teollisuus ja rakentaminen.<\/p>\n<p class=\"ai-optimize-7\">Etlan syyskuussa julkaiseman laajan suhdanne-ennusteen mukaan Suomen bkt kasvaa t\u00e4n\u00e4 vuonna 0,8 prosenttia ja ensi vuonna 1,4 prosenttia. Vuonna 2027 Etla ennustaa kasvun jatkuvan 1,2 prosentin vauhdissa.<\/p>\n<p class=\"ai-optimize-8\">Tehdasteollisuudessa n\u00e4kym\u00e4t erityisesti \u201dmuiden kulkuneuvojen valmistuksessa\u201d ovat selv\u00e4sti vahvistuneet. Useat uudet laivatilaukset, kuten Turun telakan j\u00e4ttiristeilij\u00e4t, Rauman telakan saamat Puolustusvoimien tilaukset sek\u00e4 Helsingin telakan j\u00e4\u00e4nmurtajatilaus Kanadaan, ovat lis\u00e4nneet alan aktiviteettia merkitt\u00e4v\u00e4sti. Ty\u00f6t\u00e4 on samalla valunut my\u00f6s Uuteenkaupunkiin ja Poriin.<\/p>\n<p class=\"ai-optimize-9\">J\u00e4\u00e4nmurtajatilauksia on odotettavissa viel\u00e4 lis\u00e4\u00e4 Yhdysvalloista, joten tutkijat puhuvat jo telakoiden uudesta tulemisesta.<\/p>\n<p class=\"ai-optimize-10\">\u2013 Lukuisten uusien laivatilausten ansiosta voidaan hyvin puhua jo telakkateollisuuden renessanssista. Odotamme tehdasteollisuuden arvonlis\u00e4yksen jatkavan kasvussa paitsi t\u00e4n\u00e4 vuonna, my\u00f6s kahtena seuraavana vuonna. Alan luottamus on niin ik\u00e4\u00e4n jatkanut kohenemistaan ja uusien tilausten arvo on my\u00f6s noussut selke\u00e4sti, toteaa Etlan vanhempi tutkija KTT <strong>Sakari L\u00e4hdem\u00e4ki\u00a0<\/strong>tiedotteessa.<\/p>\n<p class=\"ai-optimize-11\">Vientin\u00e4kym\u00e4t eiv\u00e4t tosin ole t\u00e4ysin aurinkoisia. N\u00e4kymi\u00e4 Etlan mukaan varjostaa edelleen maailmankaupan ep\u00e4varmuus, kuten Yhdysvaltojen tuontitullit.<\/p>\n<p><strong>Aloilla j\u00e4lleen kasvua<\/strong><\/p>\n<p class=\"ai-optimize-13\">Rakentamisen lama j\u00e4\u00e4 Etlan mukaan taakse vuosien 2025\u25002027 aikana ja rakennusala kasvaa taas. Kasvua tukevat korkojen lasku, rakennuskustannusten kasvun maltillistuminen ja ostovoiman elpyminen.<\/p>\n<p class=\"ai-optimize-14\">Rakentaminen ei kuitenkaan palaudu nopeasti aiemmalle korkealle tasolleen vaan palautuminen on hidasta. Selkeint\u00e4 kasvu on ollut erikoistuneessa rakennustoiminnassa, kun taas asuinrakentaminen on kasvanut hitaasti.<\/p>\n<p class=\"ai-optimize-15\">S\u00e4hk\u00f6- ja elektroniikkateollisuuden n\u00e4kym\u00e4t ovat kirkastuneet, ja Nvidian ja Nokian yhteisty\u00f6 voi n\u00e4ky\u00e4 my\u00f6s Suomessa alan aktiviteetin ja arvonlis\u00e4yksen kasvuna. Etla ennustaakin s\u00e4hk\u00f6- ja elektroniikkateollisuuden jatkavan kasvussa my\u00f6s seuraavina vuosina. Vaikutus voi olla positiivinen my\u00f6s tietojenk\u00e4sittelypalveluissa, jotka ovat muutenkin olleet talouden valopilkkuja jo pidemp\u00e4\u00e4n.<\/p>\n<p class=\"ai-optimize-16\">Paperi- ja kemianteollisuudessa n\u00e4kym\u00e4t jatkuvat ankeina ja kasvu on selv\u00e4sti metalliteollisuutta vaimeampaa.<\/p>\n<p class=\"ai-optimize-17\">Majoitus- ja ravitsemisala supistui viime vuonna ja j\u00e4\u00e4 t\u00e4n\u00e4 vuonna nollakasvuun. Kotitalouksien lis\u00e4\u00e4ntynyt s\u00e4\u00e4st\u00e4minen ja majoitusalan arvonlis\u00e4verokannan nostaminen ovat heikent\u00e4neet alan kysynt\u00e4\u00e4, arvioi vanhempi tutkija VTL <strong>Ville Kaitila<\/strong>.<\/p>\n<p class=\"ai-optimize-18\">\u2500 Ensi vuonna maltillisen kasvun pit\u00e4isi alkaa majoitus- ja ravitsemisalallakin, mutta paljon on kiinni kotitalouksien kulutusp\u00e4\u00e4t\u00f6ksist\u00e4. Majoitusalalla kasvu tulee ulkomaisista matkailijoista, joten markkinointiin kannattaa nyt panostaa, vinkkaa Kaitila.<\/p>\n<p>Poimintoja videosis\u00e4ll\u00f6ist\u00e4mme<\/p>\n","protected":false},"excerpt":{"rendered":"Elinkeinoel\u00e4m\u00e4n tutkimuslaitoksen t\u00e4n\u00e4\u00e4n julkaiseman toimialakohtaisen ennusteen mukaan Suomen l\u00e4hivuosien talouskasvua kannattelevat erityisesti teollisuus ja rakentaminen. Etlan syyskuussa julkaiseman&hellip;\n","protected":false},"author":2,"featured_media":81256,"comment_status":"","ping_status":"","sticky":false,"template":"","format":"standard","meta":{"footnotes":""},"categories":[12],"tags":[22,23,26,27,33,31,30,17,24,25,28,29,10537,15,18,21,32,19,20,16],"class_list":{"0":"post-81255","1":"post","2":"type-post","3":"status-publish","4":"format-standard","5":"has-post-thumbnail","7":"category-suomi","8":"tag-breaking-news","9":"tag-breakingnews","10":"tag-featured-news","11":"tag-featurednews","12":"tag-fi","13":"tag-finland","14":"tag-finnish","15":"tag-headlines","16":"tag-latest-news","17":"tag-latestnews","18":"tag-main-news","19":"tag-mainnews","20":"tag-meriteollisuus","21":"tag-news","22":"tag-otsikot","23":"tag-paauutiset","24":"tag-suomi","25":"tag-top-stories","26":"tag-topstories","27":"tag-uutiset"},"share_on_mastodon":{"url":"https:\/\/pubeurope.com\/@fi\/115494011802034637","error":""},"_links":{"self":[{"href":"https:\/\/www.europesays.com\/fi\/wp-json\/wp\/v2\/posts\/81255","targetHints":{"allow":["GET"]}}],"collection":[{"href":"https:\/\/www.europesays.com\/fi\/wp-json\/wp\/v2\/posts"}],"about":[{"href":"https:\/\/www.europesays.com\/fi\/wp-json\/wp\/v2\/types\/post"}],"author":[{"embeddable":true,"href":"https:\/\/www.europesays.com\/fi\/wp-json\/wp\/v2\/users\/2"}],"replies":[{"embeddable":true,"href":"https:\/\/www.europesays.com\/fi\/wp-json\/wp\/v2\/comments?post=81255"}],"version-history":[{"count":0,"href":"https:\/\/www.europesays.com\/fi\/wp-json\/wp\/v2\/posts\/81255\/revisions"}],"wp:featuredmedia":[{"embeddable":true,"href":"https:\/\/www.europesays.com\/fi\/wp-json\/wp\/v2\/media\/81256"}],"wp:attachment":[{"href":"https:\/\/www.europesays.com\/fi\/wp-json\/wp\/v2\/media?parent=81255"}],"wp:term":[{"taxonomy":"category","embeddable":true,"href":"https:\/\/www.europesays.com\/fi\/wp-json\/wp\/v2\/categories?post=81255"},{"taxonomy":"post_tag","embeddable":true,"href":"https:\/\/www.europesays.com\/fi\/wp-json\/wp\/v2\/tags?post=81255"}],"curies":[{"name":"wp","href":"https:\/\/api.w.org\/{rel}","templated":true}]}}