{"id":81293,"date":"2025-11-05T00:43:11","date_gmt":"2025-11-05T00:43:11","guid":{"rendered":"https:\/\/www.europesays.com\/fi\/81293\/"},"modified":"2025-11-05T00:43:11","modified_gmt":"2025-11-05T00:43:11","slug":"kkv-ohjeistaa-helsinki-design-schoolin-opiskelijoita-ala-maksa-saamiasi-laskuja","status":"publish","type":"post","link":"https:\/\/www.europesays.com\/fi\/81293\/","title":{"rendered":"KKV ohjeistaa Helsinki Design Schoolin opiskelijoita: \u00c4l\u00e4 maksa saamiasi laskuja"},"content":{"rendered":"<p>Opiskelu|Jos maksuja on avoimena, niist\u00e4 kannattaa reklamoida laskuttajalle tai perint\u00e4toimistolle ja ilmoittaa, ettei aio maksaa laskua.<\/p>\n<p>4.11. 19:42<\/p>\n<p>Lue tiivistelm\u00e4<\/p>\n<p>Tiivistelm\u00e4 on teko\u00e4lyn tekem\u00e4 ja ihmisen tarkistama.<\/p>\n<p class=\"article-body mb-nof-24 px-nof-16 sndp-summary-bullet-point-font\">Kilpailu- ja kuluttajavirasto ohjeistaa Helsinki Design Schoolin opiskelijoita olemaan maksamatta laskuja toteutumattomista opinnoista.<\/p>\n<p class=\"article-body mb-nof-24 px-nof-16 sndp-summary-bullet-point-font\">Helsinki Design School oy ilmoitti perjantaina p\u00e4\u00e4tt\u00e4v\u00e4ns\u00e4 toimintansa konkurssimenettelyn kautta.<\/p>\n<p class=\"article-body mb-nof-24 px-nof-16 sndp-summary-bullet-point-font\">Opiskelijat voivat vaatia jo maksamiaan opintomaksuja takaisin konkurssimenettelyss\u00e4 tai luotonantajalta, jos opinnot maksettiin luotolla.<\/p>\n<p class=\"article-body mb-nof-24 px-nof-16\">Opiskelijoiden ei pid\u00e4 maksaa saamiaan laskuja tai perint\u00e4toimistolta saamiaan maksumuistutuksia opinnoista, jotka eiv\u00e4t toteudu, ohjeistaa Kilpailu- ja kuluttajavirasto (KKV) tiedotteessaan.<\/p>\n<p class=\"article-body mb-nof-24 px-nof-16\">Jos maksuja on avoimena, niist\u00e4 kannattaa reklamoida laskuttajalle tai perint\u00e4toimistolle ja ilmoittaa, ettei aio maksaa laskua.<\/p>\n<p class=\"article-body mb-nof-24 px-nof-16\">Visuaalisen alan koulutuksia tarjonnut yritys Helsinki Design School oy kertoi perjantaina verkkosivuillaan <a class=\"article-genericlink\" href=\"https:\/\/www.hs.fi\/helsinki\/art-2000011598222.html\" rel=\"nofollow noopener\" target=\"_blank\">p\u00e4\u00e4tt\u00e4v\u00e4ns\u00e4 toimintansa konkurssimenettelyn kautta<\/a>. Samalla moni opiskelija j\u00e4i tyhj\u00e4n p\u00e4\u00e4lle.<\/p>\n<p class=\"article-body mb-nof-24 px-nof-16\">Opiskelijat, joiden jo maksamat opinnot j\u00e4\u00e4v\u00e4t toteutumatta, ovat konkurssipes\u00e4n velkojia. He voivat vaatia rahojaan konkurssimenettelyss\u00e4. Jos taas opintomaksut on rahoitettu luotolla, esimerkiksi luottokortilla, voi rahapalautusvaatimuksen esitt\u00e4\u00e4 my\u00f6s luotonantajalle, KKV ohjeistaa.<\/p>\n<p class=\"article-body mb-nof-24 px-nof-16\">KKV:n tiedossa ei ole, ett\u00e4 k\u00e4r\u00e4j\u00e4oikeudelle olisi viel\u00e4 j\u00e4tetty konkurssihakemusta.<\/p>\n<p class=\"article-body mb-nof-24 px-nof-16\">HS julkaisi sunnuntaina<a class=\"article-genericlink\" href=\"https:\/\/www.hs.fi\/helsinki\/art-2000011598502.html\" rel=\"nofollow noopener\" target=\"_blank\"> jutun<\/a>, jossa k\u00e4siteltiin Helsinki Design Schoolin opiskelijoiden tunnelmia. Heid\u00e4n kommenteissaan korostui pettymys koulun viestint\u00e4\u00e4n sek\u00e4 huoli rahojen menett\u00e4misest\u00e4.<\/p>\n<p class=\"article-body mb-nof-24 px-nof-16\">\u201dOn kyll\u00e4 todella petetty olo. Se oli monelle meist\u00e4 iso shokki, koska kyseess\u00e4 on valtava raha meid\u00e4n ik\u00e4isille\u201d, parikymppinen <a class=\"article-personlink\" href=\"https:\/\/www.hs.fi\/haku\/?query=Vilma\" rel=\"nofollow noopener\" target=\"_blank\">Vilma<\/a> kertoi HS:n jutussa. Vilman mukaan suurin osa h\u00e4nen opiskelutovereistaan oli nuoria aikuisia.<\/p>\n<p class=\"article-body mb-nof-24 px-nof-16\">Opiskelijoiden kannattaa t\u00e4ss\u00e4 vaiheessa seurata yrityksen mahdollista omaa tiedottamista ja viranomaisrekisterien, kuten maksukyvytt\u00f6myysrekisterin tietoja, KKV ohjeistaa.<\/p>\n","protected":false},"excerpt":{"rendered":"Opiskelu|Jos maksuja on avoimena, niist\u00e4 kannattaa reklamoida laskuttajalle tai perint\u00e4toimistolle ja ilmoittaa, ettei aio maksaa laskua. 4.11. 19:42&hellip;\n","protected":false},"author":2,"featured_media":79326,"comment_status":"","ping_status":"","sticky":false,"template":"","format":"standard","meta":{"footnotes":""},"categories":[5],"tags":[22,23,26,27,33,31,30,17,46,24,25,28,29,15,18,21,32,19,20,16],"class_list":{"0":"post-81293","1":"post","2":"type-post","3":"status-publish","4":"format-standard","5":"has-post-thumbnail","7":"category-otsikot","8":"tag-breaking-news","9":"tag-breakingnews","10":"tag-featured-news","11":"tag-featurednews","12":"tag-fi","13":"tag-finland","14":"tag-finnish","15":"tag-headlines","16":"tag-helsingin-sanomat","17":"tag-latest-news","18":"tag-latestnews","19":"tag-main-news","20":"tag-mainnews","21":"tag-news","22":"tag-otsikot","23":"tag-paauutiset","24":"tag-suomi","25":"tag-top-stories","26":"tag-topstories","27":"tag-uutiset"},"share_on_mastodon":{"url":"https:\/\/pubeurope.com\/@fi\/115494322345804094","error":""},"_links":{"self":[{"href":"https:\/\/www.europesays.com\/fi\/wp-json\/wp\/v2\/posts\/81293","targetHints":{"allow":["GET"]}}],"collection":[{"href":"https:\/\/www.europesays.com\/fi\/wp-json\/wp\/v2\/posts"}],"about":[{"href":"https:\/\/www.europesays.com\/fi\/wp-json\/wp\/v2\/types\/post"}],"author":[{"embeddable":true,"href":"https:\/\/www.europesays.com\/fi\/wp-json\/wp\/v2\/users\/2"}],"replies":[{"embeddable":true,"href":"https:\/\/www.europesays.com\/fi\/wp-json\/wp\/v2\/comments?post=81293"}],"version-history":[{"count":0,"href":"https:\/\/www.europesays.com\/fi\/wp-json\/wp\/v2\/posts\/81293\/revisions"}],"wp:featuredmedia":[{"embeddable":true,"href":"https:\/\/www.europesays.com\/fi\/wp-json\/wp\/v2\/media\/79326"}],"wp:attachment":[{"href":"https:\/\/www.europesays.com\/fi\/wp-json\/wp\/v2\/media?parent=81293"}],"wp:term":[{"taxonomy":"category","embeddable":true,"href":"https:\/\/www.europesays.com\/fi\/wp-json\/wp\/v2\/categories?post=81293"},{"taxonomy":"post_tag","embeddable":true,"href":"https:\/\/www.europesays.com\/fi\/wp-json\/wp\/v2\/tags?post=81293"}],"curies":[{"name":"wp","href":"https:\/\/api.w.org\/{rel}","templated":true}]}}