{"id":81296,"date":"2025-11-05T01:02:09","date_gmt":"2025-11-05T01:02:09","guid":{"rendered":"https:\/\/www.europesays.com\/fi\/81296\/"},"modified":"2025-11-05T01:02:09","modified_gmt":"2025-11-05T01:02:09","slug":"korisliiga-andre-gustavson-palaa-suomeen-2","status":"publish","type":"post","link":"https:\/\/www.europesays.com\/fi\/81296\/","title":{"rendered":"Korisliiga: Andre Gustavson palaa Suomeen"},"content":{"rendered":"<p>Koripallo|Gustavson solmi p\u00e4tk\u00e4sopimuksen Karhu Basketin kanssa.<\/p>\n<p>4.11. 19:11<\/p>\n<p class=\"article-body mb-nof-24 px-nof-16\">Susijengiss\u00e4 koripallon EM-kisoissa pelannut <a class=\"article-personlink\" href=\"https:\/\/www.hs.fi\/haku\/?query=Andre%20Gustavson\" rel=\"nofollow noopener\" target=\"_blank\">Andre Gustavson<\/a> palaa m\u00e4\u00e4r\u00e4aikaisella sopimuksella miesten Korisliigan Karhu Basketiin, seura <a class=\"article-genericlink\" href=\"https:\/\/www.karhubasket.fi\/2025\/11\/03\/andre-gustavson-palaa-karhubaskettiin\/\" rel=\"nofollow noopener\" target=\"_blank\">tiedottaa<\/a>.<\/p>\n<p class=\"article-body mb-nof-24 px-nof-16\">Seuran ja pelaajan v\u00e4linen sopimus kattaa seuraavat nelj\u00e4 ottelua, eli se on voimassa marras-joulukuun maaottelutaukoon saakka.<\/p>\n<p class=\"article-body mb-nof-24 px-nof-16\">Gustavson, 26, pelasi Karhussa my\u00f6s viime kaudella. T\u00e4ksi kaudeksi h\u00e4n haki pelipaikkaa ulkomailta mutta p\u00e4\u00e4tyi nyt palaamaan viime kauden seuraansa.<\/p>\n<p class=\"article-body mb-nof-24 px-nof-16\">Karhu Basketin valmentajan <a class=\"article-personlink\" href=\"https:\/\/www.hs.fi\/haku\/?query=Janne%20Koskimiehen\" rel=\"nofollow noopener\" target=\"_blank\">Janne Koskimiehen <\/a>mukaan diili on \u201dwin-win-tilanne\u201d molemmille osapuolille.<\/p>\n<p class=\"article-body mb-nof-24 px-nof-16\">\u201dSaamme helpotusta loukkaantumistilanteeseen ja saamme kovan luokan pelimiehen. Lis\u00e4ksi Andre tiet\u00e4\u00e4 viime kauden perusteella pelisysteemimme\u201d, Koskimies kommentoi sopimusuutista.<\/p>\n<p class=\"article-body mb-nof-24 px-nof-16\">Karhu Basketin riveist\u00e4 ovat loukkaantumisten vuoksi sivussa ainakin <a class=\"article-personlink\" href=\"https:\/\/www.hs.fi\/haku\/?query=Hugo%20Boman\" rel=\"nofollow noopener\" target=\"_blank\">Hugo Boman<\/a>, <a class=\"article-personlink\" href=\"https:\/\/www.hs.fi\/haku\/?query=Christian%20Davis\" rel=\"nofollow noopener\" target=\"_blank\">Christian Davis<\/a>, <a class=\"article-personlink\" href=\"https:\/\/www.hs.fi\/haku\/?query=Jaeden%20Zackery\" rel=\"nofollow noopener\" target=\"_blank\">Jaeden Zackery<\/a>, <a class=\"article-personlink\" href=\"https:\/\/www.hs.fi\/haku\/?query=Ike%20Nweke\" rel=\"nofollow noopener\" target=\"_blank\">Ike Nweke <\/a>ja <a class=\"article-personlink\" href=\"https:\/\/www.hs.fi\/haku\/?query=Aleksi%20Riihim%C3%A4ki\" rel=\"nofollow noopener\" target=\"_blank\">Aleksi Riihim\u00e4ki<\/a>.<\/p>\n<p class=\"article-body mb-nof-24 px-nof-16\">Gustavson pelasi Suomen sensaatiomaiseen nelj\u00e4nteen sijaan p\u00e4\u00e4ttyneiss\u00e4 EM-kisoissa elo-syyskuussa yhdeks\u00e4ss\u00e4 ottelussa. Takamies pelasi keskim\u00e4\u00e4rin 12 minuuttia per ottelu pistekeskiarvolla 1,3.<\/p>\n<p class=\"article-body mb-nof-24 px-nof-16\">Karhu Basket on seitsem\u00e4n ottelun j\u00e4lkeen Korisliigassa kolmantena kahdeksalla pistell\u00e4\u00e4n. K\u00e4rkipaikkaa jakavat Salon Vilpas ja Helsinki Seagulls ovat nelj\u00e4 pistett\u00e4 edell\u00e4.<\/p>\n","protected":false},"excerpt":{"rendered":"Koripallo|Gustavson solmi p\u00e4tk\u00e4sopimuksen Karhu Basketin kanssa. 4.11. 19:11 Susijengiss\u00e4 koripallon EM-kisoissa pelannut Andre Gustavson palaa m\u00e4\u00e4r\u00e4aikaisella sopimuksella miesten&hellip;\n","protected":false},"author":2,"featured_media":81297,"comment_status":"","ping_status":"","sticky":false,"template":"","format":"standard","meta":{"footnotes":""},"categories":[158],"tags":[33,31,30,46,159,32,160],"class_list":{"0":"post-81296","1":"post","2":"type-post","3":"status-publish","4":"format-standard","5":"has-post-thumbnail","7":"category-urheilu","8":"tag-fi","9":"tag-finland","10":"tag-finnish","11":"tag-helsingin-sanomat","12":"tag-sports","13":"tag-suomi","14":"tag-urheilu"},"share_on_mastodon":{"url":"https:\/\/pubeurope.com\/@fi\/115494397171090050","error":""},"_links":{"self":[{"href":"https:\/\/www.europesays.com\/fi\/wp-json\/wp\/v2\/posts\/81296","targetHints":{"allow":["GET"]}}],"collection":[{"href":"https:\/\/www.europesays.com\/fi\/wp-json\/wp\/v2\/posts"}],"about":[{"href":"https:\/\/www.europesays.com\/fi\/wp-json\/wp\/v2\/types\/post"}],"author":[{"embeddable":true,"href":"https:\/\/www.europesays.com\/fi\/wp-json\/wp\/v2\/users\/2"}],"replies":[{"embeddable":true,"href":"https:\/\/www.europesays.com\/fi\/wp-json\/wp\/v2\/comments?post=81296"}],"version-history":[{"count":0,"href":"https:\/\/www.europesays.com\/fi\/wp-json\/wp\/v2\/posts\/81296\/revisions"}],"wp:featuredmedia":[{"embeddable":true,"href":"https:\/\/www.europesays.com\/fi\/wp-json\/wp\/v2\/media\/81297"}],"wp:attachment":[{"href":"https:\/\/www.europesays.com\/fi\/wp-json\/wp\/v2\/media?parent=81296"}],"wp:term":[{"taxonomy":"category","embeddable":true,"href":"https:\/\/www.europesays.com\/fi\/wp-json\/wp\/v2\/categories?post=81296"},{"taxonomy":"post_tag","embeddable":true,"href":"https:\/\/www.europesays.com\/fi\/wp-json\/wp\/v2\/tags?post=81296"}],"curies":[{"name":"wp","href":"https:\/\/api.w.org\/{rel}","templated":true}]}}