{"id":81355,"date":"2025-11-05T02:51:07","date_gmt":"2025-11-05T02:51:07","guid":{"rendered":"https:\/\/www.europesays.com\/fi\/81355\/"},"modified":"2025-11-05T02:51:07","modified_gmt":"2025-11-05T02:51:07","slug":"nbc-news-demokraattinen-sosialisti-mamdani-nousemassa-new-yorkin-pormestariksi","status":"publish","type":"post","link":"https:\/\/www.europesays.com\/fi\/81355\/","title":{"rendered":"NBC News: demokraattinen sosialisti Mamdani nousemassa New Yorkin pormestariksi"},"content":{"rendered":"<p>Yhdysvallat|\u00c4\u00e4nestysaktiivisuus oli korkein yli 50 vuoteen.<\/p>\n<p class=\"article-body mb-nof-24 px-nof-16\">Nuori sosialisti <a class=\"article-personlink\" href=\"https:\/\/www.hs.fi\/haku\/?query=Zohran%20Mamdani\" rel=\"nofollow noopener\" target=\"_blank\">Zohran Mamdani<\/a> on <a class=\"article-genericlink\" href=\"https:\/\/www.nbcnews.com\/politics\/elections\/live-blog\/election-day-2025-nyc-mayor-governor-race-live-updates-rcna241592\" rel=\"nofollow noopener\" target=\"_blank\">NBC Newsin<\/a> ennusteen mukaan voittamassa New Yorkin pormestarinvaalit Yhdysvalloissa. Vaalihuoneistot sulkeutuivat kello nelj\u00e4 keskiviikkoaamuna Suomen aikaa, ja \u00e4\u00e4ni\u00e4 lasketaan parhaillaan.<\/p>\n<p class=\"article-body mb-nof-24 px-nof-16\">Pormestarin paikasta kilpailevat vaaleissa demokraattipuolueen Mamdami, riippumaton ehdokas <a class=\"article-personlink\" href=\"https:\/\/www.hs.fi\/haku\/?query=Andrew%20Cuomo\" rel=\"nofollow noopener\" target=\"_blank\">Andrew Cuomo<\/a> ja republikaanien <a class=\"article-personlink\" href=\"https:\/\/www.hs.fi\/haku\/?query=Curtis%20Sliwa\" rel=\"nofollow noopener\" target=\"_blank\">Curtis Sliwa<\/a>.<\/p>\n<p class=\"article-body mb-nof-24 px-nof-16\">Vaaliasetelma sai \u00e4\u00e4nest\u00e4j\u00e4t liikkeelle, sill\u00e4 noin kaksi miljoonaa ihmist\u00e4 k\u00e4vi \u00e4\u00e4nest\u00e4m\u00e4ss\u00e4. \u00c4\u00e4nest\u00e4ji\u00e4 k\u00e4vi eniten sitten vuoden 1969, kertoo Reuters.<\/p>\n<p class=\"article-body mb-nof-24 px-nof-16\">\u00c4\u00e4nestys New Yorkissa p\u00e4\u00e4ttyi keskiviikkoaamuna kello nelj\u00e4 Suomen aikaa.<\/p>\n","protected":false},"excerpt":{"rendered":"Yhdysvallat|\u00c4\u00e4nestysaktiivisuus oli korkein yli 50 vuoteen. Nuori sosialisti Zohran Mamdani on NBC Newsin ennusteen mukaan voittamassa New Yorkin&hellip;\n","protected":false},"author":2,"featured_media":81356,"comment_status":"","ping_status":"","sticky":false,"template":"","format":"standard","meta":{"footnotes":""},"categories":[14],"tags":[22,23,26,27,33,31,30,17,46,24,25,28,29,15,18,21,32,19,20,56,16,59,60,61],"class_list":{"0":"post-81355","1":"post","2":"type-post","3":"status-publish","4":"format-standard","5":"has-post-thumbnail","7":"category-ulkomaat","8":"tag-breaking-news","9":"tag-breakingnews","10":"tag-featured-news","11":"tag-featurednews","12":"tag-fi","13":"tag-finland","14":"tag-finnish","15":"tag-headlines","16":"tag-helsingin-sanomat","17":"tag-latest-news","18":"tag-latestnews","19":"tag-main-news","20":"tag-mainnews","21":"tag-news","22":"tag-otsikot","23":"tag-paauutiset","24":"tag-suomi","25":"tag-top-stories","26":"tag-topstories","27":"tag-ulkomaat","28":"tag-uutiset","29":"tag-world","30":"tag-world-news","31":"tag-worldnews"},"share_on_mastodon":{"url":"https:\/\/pubeurope.com\/@fi\/115494825752968469","error":""},"_links":{"self":[{"href":"https:\/\/www.europesays.com\/fi\/wp-json\/wp\/v2\/posts\/81355","targetHints":{"allow":["GET"]}}],"collection":[{"href":"https:\/\/www.europesays.com\/fi\/wp-json\/wp\/v2\/posts"}],"about":[{"href":"https:\/\/www.europesays.com\/fi\/wp-json\/wp\/v2\/types\/post"}],"author":[{"embeddable":true,"href":"https:\/\/www.europesays.com\/fi\/wp-json\/wp\/v2\/users\/2"}],"replies":[{"embeddable":true,"href":"https:\/\/www.europesays.com\/fi\/wp-json\/wp\/v2\/comments?post=81355"}],"version-history":[{"count":0,"href":"https:\/\/www.europesays.com\/fi\/wp-json\/wp\/v2\/posts\/81355\/revisions"}],"wp:featuredmedia":[{"embeddable":true,"href":"https:\/\/www.europesays.com\/fi\/wp-json\/wp\/v2\/media\/81356"}],"wp:attachment":[{"href":"https:\/\/www.europesays.com\/fi\/wp-json\/wp\/v2\/media?parent=81355"}],"wp:term":[{"taxonomy":"category","embeddable":true,"href":"https:\/\/www.europesays.com\/fi\/wp-json\/wp\/v2\/categories?post=81355"},{"taxonomy":"post_tag","embeddable":true,"href":"https:\/\/www.europesays.com\/fi\/wp-json\/wp\/v2\/tags?post=81355"}],"curies":[{"name":"wp","href":"https:\/\/api.w.org\/{rel}","templated":true}]}}