{"id":81361,"date":"2025-11-05T03:05:12","date_gmt":"2025-11-05T03:05:12","guid":{"rendered":"https:\/\/www.europesays.com\/fi\/81361\/"},"modified":"2025-11-05T03:05:12","modified_gmt":"2025-11-05T03:05:12","slug":"nama-artistit-nahdaan-linnan-jatkoilla-iltalehti","status":"publish","type":"post","link":"https:\/\/www.europesays.com\/fi\/81361\/","title":{"rendered":"N\u00e4m\u00e4 artistit n\u00e4hd\u00e4\u00e4n Linnan jatkoilla &#8211; Iltalehti"},"content":{"rendered":"<ol>\n<li><a href=\"https:\/\/news.google.com\/rss\/articles\/CBMiggFBVV95cUxONXI4cm5FUlphdWJQdHFPSV93TXRKVkFlNTBPeTVoLUNXbWZTZjl0aENuT19WQm82T3pRR3hEMTZPejV4ZFNQNk1yeVQyYXVGYkFYaWMwOEQ1YjZud0xhQ01majE5Y1VKTlpwOW1Gdkh2c3BSQ2xYVk1mLWpkTzFsOXpR?oc=5\" target=\"_blank\" rel=\"nofollow noopener\">N\u00e4m\u00e4 artistit n\u00e4hd\u00e4\u00e4n Linnan jatkoilla<\/a>&nbsp;&nbsp;Iltalehti<\/li>\n<li><a href=\"https:\/\/news.google.com\/rss\/articles\/CBMiYEFVX3lxTE1Vcnk2M3pPSVlDM09ESmRfbDNHOXUtZmRCaDB1RVp4SERPNUtEc2NTMzdTcVdWbGQzUTF5YnlDYUZWaVN0VkhXSUdDbmJ2MjVlQVFzU3JaNzRUTDdScnYxdQ?oc=5\" target=\"_blank\" rel=\"nofollow noopener\">Linnan juhliin muutos<\/a>&nbsp;&nbsp;Ilta-Sanomat<\/li>\n<li><a href=\"https:\/\/news.google.com\/rss\/articles\/CBMiQkFVX3lxTFBQZkYyc2xZbTlOZ1dNa0NaS3h0dl9tVGFtN095TUFvSVJVcE5lNTZmMHd0RC0wdHMtVzF5QlFnTGoydw?oc=5\" target=\"_blank\" rel=\"nofollow noopener\">\u201dJ\u00e4nnitt\u00e4\u00e4 enemm\u00e4n kuin mik\u00e4\u00e4n vuosikausiin\u201d \u2013 urheilujuontaja Laura Arffman astuu Linnan juhlien selostajaksi<\/a>&nbsp;&nbsp;Yle<\/li>\n<li><a href=\"https:\/\/news.google.com\/rss\/articles\/CBMiZkFVX3lxTE1QTW1BeE5MNFBKd1BBTFIyY2tBTWwtVGl1dGFPbnY3bWNDemtqZTROUkFzcmlyMzY2STFzVnluLXdZYkNYNUpTUEJDaEFETUZBQ29wQ3hOcV9RSkZoby1aTFRaTzJQUQ?oc=5\" target=\"_blank\" rel=\"nofollow noopener\">Itsen\u00e4isyysp\u00e4iv\u00e4n\u00e4 juhlitaan koulutusta ja sivistyst\u00e4 \u2013 Linnassa tarjolle pannaan lanttukukkoa ja l\u00f6rtsyj\u00e4<\/a>&nbsp;&nbsp;Kouvolan Sanomat<\/li>\n<li><a href=\"https:\/\/news.google.com\/rss\/articles\/CBMiYEFVX3lxTE5ZaDVoVUJBejZvVWstc2hLZHpRejBQV29tcnZPM3d0NWNPWmtQd0tEcE9iZHEwdU1iQzdkMWZlUkpKTWY5UWRLYkM2aDZVNkpjSUtYUjJFdy1oMHZ6a2NMRw?oc=5\" target=\"_blank\" rel=\"nofollow noopener\">Itsen\u00e4isyysp\u00e4iv\u00e4 | Linnan juhlat aikaistuvat, moni opettaja saa t\u00e4n\u00e4 vuonna kutsun<\/a>&nbsp;&nbsp;HS.fi<\/li>\n<\/ol>\n","protected":false},"excerpt":{"rendered":"N\u00e4m\u00e4 artistit n\u00e4hd\u00e4\u00e4n Linnan jatkoilla&nbsp;&nbsp;Iltalehti Linnan juhliin muutos&nbsp;&nbsp;Ilta-Sanomat \u201dJ\u00e4nnitt\u00e4\u00e4 enemm\u00e4n kuin mik\u00e4\u00e4n vuosikausiin\u201d \u2013 urheilujuontaja Laura Arffman astuu&hellip;\n","protected":false},"author":2,"featured_media":81362,"comment_status":"","ping_status":"","sticky":false,"template":"","format":"standard","meta":{"footnotes":""},"categories":[136],"tags":[35,407,137,33,31,30,408,47,979,1999,32,140,139,109],"class_list":{"0":"post-81361","1":"post","2":"type-post","3":"status-publish","4":"format-standard","5":"has-post-thumbnail","7":"category-julkkikset","8":"tag-24h","9":"tag-celebrities","10":"tag-entertainment","11":"tag-fi","12":"tag-finland","13":"tag-finnish","14":"tag-julkkikset","15":"tag-musiikki","16":"tag-sahkoinen-media","17":"tag-suomalaiset-tv-ohjelmat","18":"tag-suomi","19":"tag-tv-ja-elokuvat","20":"tag-tv-ohjelmat","21":"tag-viihde"},"share_on_mastodon":{"url":"https:\/\/pubeurope.com\/@fi\/115494880749294193","error":""},"_links":{"self":[{"href":"https:\/\/www.europesays.com\/fi\/wp-json\/wp\/v2\/posts\/81361","targetHints":{"allow":["GET"]}}],"collection":[{"href":"https:\/\/www.europesays.com\/fi\/wp-json\/wp\/v2\/posts"}],"about":[{"href":"https:\/\/www.europesays.com\/fi\/wp-json\/wp\/v2\/types\/post"}],"author":[{"embeddable":true,"href":"https:\/\/www.europesays.com\/fi\/wp-json\/wp\/v2\/users\/2"}],"replies":[{"embeddable":true,"href":"https:\/\/www.europesays.com\/fi\/wp-json\/wp\/v2\/comments?post=81361"}],"version-history":[{"count":0,"href":"https:\/\/www.europesays.com\/fi\/wp-json\/wp\/v2\/posts\/81361\/revisions"}],"wp:featuredmedia":[{"embeddable":true,"href":"https:\/\/www.europesays.com\/fi\/wp-json\/wp\/v2\/media\/81362"}],"wp:attachment":[{"href":"https:\/\/www.europesays.com\/fi\/wp-json\/wp\/v2\/media?parent=81361"}],"wp:term":[{"taxonomy":"category","embeddable":true,"href":"https:\/\/www.europesays.com\/fi\/wp-json\/wp\/v2\/categories?post=81361"},{"taxonomy":"post_tag","embeddable":true,"href":"https:\/\/www.europesays.com\/fi\/wp-json\/wp\/v2\/tags?post=81361"}],"curies":[{"name":"wp","href":"https:\/\/api.w.org\/{rel}","templated":true}]}}