{"id":81422,"date":"2025-11-05T04:49:08","date_gmt":"2025-11-05T04:49:08","guid":{"rendered":"https:\/\/www.europesays.com\/fi\/81422\/"},"modified":"2025-11-05T04:49:08","modified_gmt":"2025-11-05T04:49:08","slug":"pamela-tola-loysi-itsensa-parikymppisten-miesten-maailmasta-ohjatessaan-ylen-hittisarjaa","status":"publish","type":"post","link":"https:\/\/www.europesays.com\/fi\/81422\/","title":{"rendered":"Pamela Tola l\u00f6ysi itsens\u00e4 parikymppisten miesten maailmasta ohjatessaan Ylen hittisarjaa"},"content":{"rendered":"<p>Televisio|Nuorten miesten maailma ei ole vieras ohjaaja Pamela Tolalle. Siin\u00e4 auttavat omat lapset ja musta huumori.<\/p>\n<p class=\"article-body mb-nof-24 px-nof-16\">Ylen komediasarja Luuserit on onnistunut vaikeassa teht\u00e4v\u00e4ss\u00e4: se on nuorille ja nuorille aikuisille suunnattu sarja, joka my\u00f6s puhuttelee kohdeyleis\u00f6\u00e4\u00e4n. Sarjasta on tullut hitti.<\/p>\n<p class=\"article-body mb-nof-24 px-nof-16\">Tie on ollut jokseenkin pitk\u00e4. Kolmesta kaveruksesta kertova sarja debytoi vuonna 2019 nuortenmakasiini Summerissa ja kasvoi sittemmin pidemp\u00e4\u00e4n mittaan.<\/p>\n","protected":false},"excerpt":{"rendered":"Televisio|Nuorten miesten maailma ei ole vieras ohjaaja Pamela Tolalle. Siin\u00e4 auttavat omat lapset ja musta huumori. Ylen komediasarja&hellip;\n","protected":false},"author":2,"featured_media":81423,"comment_status":"","ping_status":"","sticky":false,"template":"","format":"standard","meta":{"footnotes":""},"categories":[136],"tags":[407,137,33,31,30,46,408,32,109],"class_list":{"0":"post-81422","1":"post","2":"type-post","3":"status-publish","4":"format-standard","5":"has-post-thumbnail","7":"category-julkkikset","8":"tag-celebrities","9":"tag-entertainment","10":"tag-fi","11":"tag-finland","12":"tag-finnish","13":"tag-helsingin-sanomat","14":"tag-julkkikset","15":"tag-suomi","16":"tag-viihde"},"share_on_mastodon":{"url":"https:\/\/pubeurope.com\/@fi\/115495289704458673","error":""},"_links":{"self":[{"href":"https:\/\/www.europesays.com\/fi\/wp-json\/wp\/v2\/posts\/81422","targetHints":{"allow":["GET"]}}],"collection":[{"href":"https:\/\/www.europesays.com\/fi\/wp-json\/wp\/v2\/posts"}],"about":[{"href":"https:\/\/www.europesays.com\/fi\/wp-json\/wp\/v2\/types\/post"}],"author":[{"embeddable":true,"href":"https:\/\/www.europesays.com\/fi\/wp-json\/wp\/v2\/users\/2"}],"replies":[{"embeddable":true,"href":"https:\/\/www.europesays.com\/fi\/wp-json\/wp\/v2\/comments?post=81422"}],"version-history":[{"count":0,"href":"https:\/\/www.europesays.com\/fi\/wp-json\/wp\/v2\/posts\/81422\/revisions"}],"wp:featuredmedia":[{"embeddable":true,"href":"https:\/\/www.europesays.com\/fi\/wp-json\/wp\/v2\/media\/81423"}],"wp:attachment":[{"href":"https:\/\/www.europesays.com\/fi\/wp-json\/wp\/v2\/media?parent=81422"}],"wp:term":[{"taxonomy":"category","embeddable":true,"href":"https:\/\/www.europesays.com\/fi\/wp-json\/wp\/v2\/categories?post=81422"},{"taxonomy":"post_tag","embeddable":true,"href":"https:\/\/www.europesays.com\/fi\/wp-json\/wp\/v2\/tags?post=81422"}],"curies":[{"name":"wp","href":"https:\/\/api.w.org\/{rel}","templated":true}]}}