{"id":81424,"date":"2025-11-05T04:52:07","date_gmt":"2025-11-05T04:52:07","guid":{"rendered":"https:\/\/www.europesays.com\/fi\/81424\/"},"modified":"2025-11-05T04:52:07","modified_gmt":"2025-11-05T04:52:07","slug":"maajussi-tuomas-ja-jonna-muuttivat-yhteen-kun-kamerat-sammuivat","status":"publish","type":"post","link":"https:\/\/www.europesays.com\/fi\/81424\/","title":{"rendered":"Maajussi-Tuomas ja Jonna muuttivat yhteen, kun kamerat sammuivat"},"content":{"rendered":"<p><strong class=\"typography-bold\">Maajussi-Tuomas valitsi vierelleen Jonnan. Kes\u00e4n aikana kaksikko muutti hyvin nopeasti yhteen.\u00a0<\/strong><\/p>\n<p>Maajussi-<strong class=\"typography-bold\">Tuomas<\/strong> kertoo <a class=\"underline\" data-testid=\"internal-link\" role=\"link\" data-sentry-element=\"Link\" data-sentry-component=\"InternalLink\" data-sentry-source-file=\"InternalLink.tsx\" href=\"https:\/\/www.mtvuutiset.fi\/aihe\/maajussille-morsian-kaikki-tarinat\/8717540\" rel=\"nofollow noopener\" target=\"_blank\">Maajussille morsian: Kaikki tarinat<\/a> -ohjelmassa, miten h\u00e4nen ja <strong class=\"typography-bold\">Jonnan<\/strong> suhde eteni salamavauhtia, kun kamerat sammuivat. Kauden viimeinen Mit\u00e4 heille kuuluu nyt -jakso on n\u00e4ht\u00e4vill\u00e4 <a class=\"underline\" data-testid=\"external-link\" href=\"https:\/\/www.mtv.fi\/ohjelma\/ed307b77b039e2399e4f\/maajussille-morsian-kaikki-tarinat\" rel=\"noopener noreferrer nofollow\" data-sentry-component=\"ExternalLink\" data-sentry-source-file=\"ExternalLink.tsx\" target=\"_blank\">MTV Katsomossa<\/a>.\u00a0<\/p>\n<p>Maajussi-Tuomas ja h\u00e4nen valittunsa Jonna ketovat jaksossa, ett\u00e4 he ovat muuttaneet yhteen. Jonna asuu Tuomaksen tilalla ja auttaa h\u00e4nt\u00e4 maatilant\u00f6iss\u00e4.\u00a0<\/p>\n<p>\u2013 Olemme rakastuneita. L\u00f6ysin sellaisen ihmisen, jonka kanssa haluan el\u00e4\u00e4 yhdess\u00e4 koko loppuel\u00e4m\u00e4ni, Tuomas kertoo jaksossa.\u00a0<\/p>\n<p>Lue lis\u00e4\u00e4: <a class=\"underline\" data-testid=\"internal-link\" role=\"link\" data-sentry-element=\"Link\" data-sentry-component=\"InternalLink\" data-sentry-source-file=\"InternalLink.tsx\" href=\"https:\/\/www.mtvuutiset.fi\/artikkeli\/ihastus-on-kasinkosketeltavaa-maajussi-tuomaksen-ja-puolisoehdokkaan-valilla-han-paasi-yllattamaan\/9233740\" rel=\"nofollow noopener\" target=\"_blank\">Ihastus on k\u00e4sinkosketeltavaa maajussi-Tuomaksen ja puolisoehdokkaan v\u00e4lill\u00e4: &#8221;H\u00e4n p\u00e4\u00e4si yll\u00e4tt\u00e4m\u00e4\u00e4n&#8221;<\/a><\/p>\n<p>\u2013 J\u00e4\u00e4n odottamaan h\u00e4\u00e4kellojen sointia ja jotakin muitakin uutisia, pariskunnan luona k\u00e4ym\u00e4ss\u00e4 oleva <strong class=\"typography-bold\">Vappu Pimi\u00e4<\/strong> iloitsee.\u00a0<\/p>\n<p>Lue my\u00f6s: <a class=\"underline\" data-testid=\"internal-link\" role=\"link\" data-sentry-element=\"Link\" data-sentry-component=\"InternalLink\" data-sentry-source-file=\"InternalLink.tsx\" href=\"https:\/\/www.mtvuutiset.fi\/artikkeli\/maajussit-tekivat-paatoksensa-katso-tuomaksen-tunteikas-valintahetki\/9247010\" rel=\"nofollow noopener\" target=\"_blank\"><\/a><\/p>\n","protected":false},"excerpt":{"rendered":"Maajussi-Tuomas valitsi vierelleen Jonnan. Kes\u00e4n aikana kaksikko muutti hyvin nopeasti yhteen.\u00a0 Maajussi-Tuomas kertoo Maajussille morsian: Kaikki tarinat -ohjelmassa,&hellip;\n","protected":false},"author":2,"featured_media":81425,"comment_status":"","ping_status":"","sticky":false,"template":"","format":"standard","meta":{"footnotes":""},"categories":[133],"tags":[137,33,31,30,32,206,156,109],"class_list":{"0":"post-81424","1":"post","2":"type-post","3":"status-publish","4":"format-standard","5":"has-post-thumbnail","7":"category-televisiot","8":"tag-entertainment","9":"tag-fi","10":"tag-finland","11":"tag-finnish","12":"tag-suomi","13":"tag-televisiot","14":"tag-tv","15":"tag-viihde"},"share_on_mastodon":{"url":"https:\/\/pubeurope.com\/@fi\/115495301529770564","error":""},"_links":{"self":[{"href":"https:\/\/www.europesays.com\/fi\/wp-json\/wp\/v2\/posts\/81424","targetHints":{"allow":["GET"]}}],"collection":[{"href":"https:\/\/www.europesays.com\/fi\/wp-json\/wp\/v2\/posts"}],"about":[{"href":"https:\/\/www.europesays.com\/fi\/wp-json\/wp\/v2\/types\/post"}],"author":[{"embeddable":true,"href":"https:\/\/www.europesays.com\/fi\/wp-json\/wp\/v2\/users\/2"}],"replies":[{"embeddable":true,"href":"https:\/\/www.europesays.com\/fi\/wp-json\/wp\/v2\/comments?post=81424"}],"version-history":[{"count":0,"href":"https:\/\/www.europesays.com\/fi\/wp-json\/wp\/v2\/posts\/81424\/revisions"}],"wp:featuredmedia":[{"embeddable":true,"href":"https:\/\/www.europesays.com\/fi\/wp-json\/wp\/v2\/media\/81425"}],"wp:attachment":[{"href":"https:\/\/www.europesays.com\/fi\/wp-json\/wp\/v2\/media?parent=81424"}],"wp:term":[{"taxonomy":"category","embeddable":true,"href":"https:\/\/www.europesays.com\/fi\/wp-json\/wp\/v2\/categories?post=81424"},{"taxonomy":"post_tag","embeddable":true,"href":"https:\/\/www.europesays.com\/fi\/wp-json\/wp\/v2\/tags?post=81424"}],"curies":[{"name":"wp","href":"https:\/\/api.w.org\/{rel}","templated":true}]}}