{"id":81435,"date":"2025-11-05T05:02:11","date_gmt":"2025-11-05T05:02:11","guid":{"rendered":"https:\/\/www.europesays.com\/fi\/81435\/"},"modified":"2025-11-05T05:02:11","modified_gmt":"2025-11-05T05:02:11","slug":"suomen-saahan-iso-kaanne","status":"publish","type":"post","link":"https:\/\/www.europesays.com\/fi\/81435\/","title":{"rendered":"Suomen s\u00e4\u00e4h\u00e4n iso k\u00e4\u00e4nne"},"content":{"rendered":"<p>Kuukausiennusteessa povataan, ett\u00e4 seuraava viikko on Suomessa selv\u00e4sti tavanomaisempaa kylmempi.<\/p>\n<p><img decoding=\"async\" class=\"image image-show image-preview\" src=\"https:\/\/www.europesays.com\/fi\/wp-content\/uploads\/2025\/08\/022c0be346db48f68a37d9afe479583df01e45883a75c5971e87a3d981dda987.jpg\" alt=\"\"\/><img decoding=\"async\" class=\"image image-show\" src=\"https:\/\/www.europesays.com\/fi\/wp-content\/uploads\/2025\/08\/1755653828_349_022c0be346db48f68a37d9afe479583df01e45883a75c5971e87a3d981dda987.jpg\" alt=\"\"\/><\/p>\n<p>Sateiden paikkojen ennuste ensi viikolle on viel\u00e4 hyvin ep\u00e4varma. Niina Isokoski<\/p>\n<p class=\"paragraph\">S\u00e4\u00e4 muuttuu pian merkitt\u00e4v\u00e4sti kylmemm\u00e4ksi.<\/p>\n<p class=\"paragraph\">N\u00e4in kertoo Euroopan keskipitkien s\u00e4\u00e4ennusteiden keskus ECMWF, joka julkaisi tiistaina uuden <a href=\"https:\/\/www.foreca.fi\/meteorologilta\/hw9mq312\" target=\"_blank\" rel=\"noopener nofollow\">kuukausiennusteen<\/a>.<\/p>\n<p class=\"paragraph\">Ennusteen mukaan viel\u00e4 t\u00e4ll\u00e4 viikolla s\u00e4\u00e4 on ajankohtaan n\u00e4hden lauhaa ja sateista, mutta ensi viikolla tapahtuu muutos kylmemp\u00e4\u00e4n p\u00e4in.<\/p>\n<p class=\"paragraph\">Muutosta voidaan pit\u00e4\u00e4 yll\u00e4tt\u00e4v\u00e4n\u00e4, sill\u00e4 se on ilmestynyt ennusteisiin parissa p\u00e4iv\u00e4ss\u00e4. Kuukausiennusteen mukaan seuraava viikko on keskil\u00e4mp\u00f6tilaltaan selv\u00e4sti tavanomaista kylmempi.<\/p>\n<p class=\"paragraph\">Suomessa alkaa viikonvaihteessa puhaltaa pohjoisenpuoleinen ilmavirtaus, mik\u00e4 vaikuttaa Suomessa koko ensi viikon ajan. Sateiden olomuoto muuttuu lumisemmaksi koko maassa.<\/p>\n<p class=\"paragraph\">Ennusteessa kuitenkin huomautetaan, ett\u00e4 sateiden paikkojen ennuste ensi viikolle on viel\u00e4 hyvin ep\u00e4varma ja vaihteleva.<\/p>\n<p class=\"paragraph\">\u2013 Per\u00e4kk\u00e4iset s\u00e4\u00e4ennustemalliajot ovat olleet viel\u00e4 hyvinkin erimielisi\u00e4 sateiden reiteist\u00e4 ja ajoituksista, mutta yht\u00e4mielisi\u00e4 siit\u00e4, ett\u00e4 mik\u00e4li sateita p\u00e4\u00e4see maan etel\u00e4osaan, ne tulevat ajoittain lumena, ennusteessa kerrotaan.<\/p>\n<p class=\"paragraph\">Ensi viikolla odotettavissa on v\u00e4hint\u00e4\u00e4n osana viikon \u00f6ist\u00e4 y\u00f6pakkasia koko maassa. My\u00f6s p\u00e4iv\u00e4l\u00e4mp\u00f6tilojen ennustetaan olevien kylmi\u00e4. Sateita tulee ajankohdalle tavanomainen m\u00e4\u00e4r\u00e4.<\/p>\n<p>Uusi k\u00e4\u00e4nne<\/p>\n<p class=\"paragraph\">Vaikka edess\u00e4 n\u00e4ytt\u00e4\u00e4 olevan jopa kaksi tavanomaista kylmemp\u00e4\u00e4 viikkoa, ennustejakson lopulla palataan takaisin ajankohtaan n\u00e4hden l\u00e4mpim\u00e4\u00e4n s\u00e4\u00e4h\u00e4n.<\/p>\n<p class=\"paragraph\">Marraskuun 17. p\u00e4iv\u00e4n\u00e4 alkavalle viikolle on ennustettu yh\u00e4 ajankohtaan n\u00e4hden kylmi\u00e4 viikkokeskil\u00e4mp\u00f6tiloja, mutta seuraava viikko on jonkin verran tavanomaista l\u00e4mpim\u00e4mpi.<\/p>\n<p class=\"paragraph\">Pitk\u00e4n ajan s\u00e4\u00e4ennusteet kertovat viikon tai kuukauden keskim\u00e4\u00e4r\u00e4isest\u00e4 s\u00e4\u00e4st\u00e4, eiv\u00e4t yksitt\u00e4isten p\u00e4ivien s\u00e4\u00e4st\u00e4.<\/p>\n<p class=\"paragraph\">Keskim\u00e4\u00e4r\u00e4iset lukemat voivat toteutua monella eri tavalla. S\u00e4\u00e4n vaihtelu viikkojen ja kuukausien sis\u00e4ll\u00e4 voi olla suurta.<\/p>\n<p><a href=\"https:\/\/www.iltalehti.fi\/parassaa?storeCampaign=ArticleBottomBanner\" rel=\"nofollow noopener\" target=\"_blank\"><img decoding=\"async\" src=\"https:\/\/www.europesays.com\/fi\/wp-content\/uploads\/2025\/08\/d0fd7860228df4fdd5fd0367e49d769aa09b08189080ddc5ccdd8c31ad63aca9.png\" alt=\"IL Paras S\u00e4\u00e4 - S\u00e4\u00e4tiedot ja s\u00e4\u00e4ennusteet\"\/><\/a><\/p>\n","protected":false},"excerpt":{"rendered":"Kuukausiennusteessa povataan, ett\u00e4 seuraava viikko on Suomessa selv\u00e4sti tavanomaisempaa kylmempi. Sateiden paikkojen ennuste ensi viikolle on viel\u00e4 hyvin&hellip;\n","protected":false},"author":2,"featured_media":10699,"comment_status":"","ping_status":"","sticky":false,"template":"","format":"standard","meta":{"footnotes":""},"categories":[12],"tags":[35,22,23,26,27,33,31,30,17,713,24,25,28,29,715,15,18,21,710,714,1942,32,19,20,16],"class_list":{"0":"post-81435","1":"post","2":"type-post","3":"status-publish","4":"format-standard","5":"has-post-thumbnail","7":"category-suomi","8":"tag-24h","9":"tag-breaking-news","10":"tag-breakingnews","11":"tag-featured-news","12":"tag-featurednews","13":"tag-fi","14":"tag-finland","15":"tag-finnish","16":"tag-headlines","17":"tag-lampotila-saa","18":"tag-latest-news","19":"tag-latestnews","20":"tag-main-news","21":"tag-mainnews","22":"tag-meteorologia","23":"tag-news","24":"tag-otsikot","25":"tag-paauutiset","26":"tag-saa","27":"tag-saaennustus","28":"tag-sateinen-saa","29":"tag-suomi","30":"tag-top-stories","31":"tag-topstories","32":"tag-uutiset"},"share_on_mastodon":{"url":"https:\/\/pubeurope.com\/@fi\/115495341012843923","error":""},"_links":{"self":[{"href":"https:\/\/www.europesays.com\/fi\/wp-json\/wp\/v2\/posts\/81435","targetHints":{"allow":["GET"]}}],"collection":[{"href":"https:\/\/www.europesays.com\/fi\/wp-json\/wp\/v2\/posts"}],"about":[{"href":"https:\/\/www.europesays.com\/fi\/wp-json\/wp\/v2\/types\/post"}],"author":[{"embeddable":true,"href":"https:\/\/www.europesays.com\/fi\/wp-json\/wp\/v2\/users\/2"}],"replies":[{"embeddable":true,"href":"https:\/\/www.europesays.com\/fi\/wp-json\/wp\/v2\/comments?post=81435"}],"version-history":[{"count":0,"href":"https:\/\/www.europesays.com\/fi\/wp-json\/wp\/v2\/posts\/81435\/revisions"}],"wp:featuredmedia":[{"embeddable":true,"href":"https:\/\/www.europesays.com\/fi\/wp-json\/wp\/v2\/media\/10699"}],"wp:attachment":[{"href":"https:\/\/www.europesays.com\/fi\/wp-json\/wp\/v2\/media?parent=81435"}],"wp:term":[{"taxonomy":"category","embeddable":true,"href":"https:\/\/www.europesays.com\/fi\/wp-json\/wp\/v2\/categories?post=81435"},{"taxonomy":"post_tag","embeddable":true,"href":"https:\/\/www.europesays.com\/fi\/wp-json\/wp\/v2\/tags?post=81435"}],"curies":[{"name":"wp","href":"https:\/\/api.w.org\/{rel}","templated":true}]}}