{"id":81451,"date":"2025-11-05T05:29:09","date_gmt":"2025-11-05T05:29:09","guid":{"rendered":"https:\/\/www.europesays.com\/fi\/81451\/"},"modified":"2025-11-05T05:29:09","modified_gmt":"2025-11-05T05:29:09","slug":"kirja-rinnekone-ajoi-satu-silvon-yli-paavo-poika-10-naki-kaiken-sa-tapoit-mun-aitini","status":"publish","type":"post","link":"https:\/\/www.europesays.com\/fi\/81451\/","title":{"rendered":"Kirja: Rinnekone ajoi Satu Silvon yli \u2013 Paavo-poika, 10, n\u00e4ki kaiken: \u201dS\u00e4 tapoit mun \u00e4itini!\u201d"},"content":{"rendered":"<p>N\u00e4yttelij\u00e4 Satu Silvo kertoo uutuuskirjassa rinneonnettomuudesta, joka pys\u00e4ytti kaiken.<\/p>\n<p><img decoding=\"async\" class=\"image image-show image-preview\" src=\"https:\/\/www.europesays.com\/fi\/wp-content\/uploads\/2025\/11\/e93988e3fe97fbdf8b9017c2358336413615b84e3a3cbc7c818c30628a52e326.jpg\" alt=\"\"\/><img decoding=\"async\" class=\"image image-show\" src=\"https:\/\/www.europesays.com\/fi\/wp-content\/uploads\/2025\/11\/1762320549_167_e93988e3fe97fbdf8b9017c2358336413615b84e3a3cbc7c818c30628a52e326.jpg\" alt=\"\"\/><\/p>\n<p>Satu Silvo kertoo uutuuskirjassa el\u00e4m\u00e4ns\u00e4 muuttaneesta rinneonnettomuudesta. Jenni G\u00e4stgivar<\/p>\n<p class=\"paragraph\"><strong>Satu Silvo<\/strong>, 63, kertoo tuoreessa el\u00e4m\u00e4kerrassaan Saarisel\u00e4ll\u00e4 helmikuussa 1998 sattuneesta rinneonnettomuudesta, jossa h\u00e4nelt\u00e4 oli l\u00e4hte\u00e4 henki. Silvon selvi\u00e4mist\u00e4 on pidetty kirjan mukaan ihmeen\u00e4.<\/p>\n<p class=\"paragraph\"><strong>Annina Holmbergin<\/strong> kirjoittamassa Satu Silvon yhdeks\u00e4n el\u00e4m\u00e4\u00e4 -teoksessa (WSOY) kerrotaan, miten talviloman toiseksi viimeisen\u00e4 p\u00e4iv\u00e4n\u00e4 rinteeseen l\u00e4htiv\u00e4t pieness\u00e4 lumisateessa Silvo, <strong>Heikki Kinnunen<\/strong> ja heid\u00e4n <strong>Paavo<\/strong>-poikansa. He nousivat hissill\u00e4 yl\u00f6s m\u00e4keen ja rinnekone m\u00f6nki kirjan mukaan vierell\u00e4.<\/p>\n<p class=\"paragraph\">Kursivoidut kohdat ovat suoria otteita kirjasta.<\/p>\n<p class=\"paragraph\">Paavo lumilautoineen hypp\u00e4si ensimm\u00e4isen\u00e4 kyydist\u00e4. H\u00e4nen ja minun v\u00e4liss\u00e4 oli yksi tyhj\u00e4 ankkuri. Kuljettaja ei n\u00e4hnyt minun tulevan kumpareen takaa, vaan l\u00e4hti ylitt\u00e4m\u00e4\u00e4n hissilinjaa. Kun olin irrottautumassa omasta ankkuristani, rinnekone tuli suoraan minua p\u00e4in, mik\u00e4 tuntui ep\u00e4todelliselta. Mik\u00e4 tuolta tulee, mik\u00e4 toi on, ajattelin, vaikka tiesin, ett\u00e4 se on rinnekone. Olin h\u00e4th\u00e4t\u00e4\u00e4 p\u00e4\u00e4ssyt pois hissin kyydist\u00e4, kun kone alkoi vy\u00f6ry\u00e4 p\u00e4\u00e4lle.<\/p>\n<p class=\"paragraph\">Takan tullut Heikki Kinnunen ehti kirjan mukaan t\u00e4p\u00e4r\u00e4sti v\u00e4ist\u00e4m\u00e4\u00e4n.<\/p>\n<p class=\"paragraph\">Kaikki tapahtui nopeasti, mutta tuntui ikuisuudelta. Hirvi\u00f6 l\u00e4hestyi. Tajusin, ett\u00e4 minun olisi saatava yhteys kuljettajaan, n\u00e4in oven ja ajattelin koputtaa siihen ja huutaa. Telaketjut kuitenkin imaisivat sukseni uumeniinsa ja kone vy\u00f6ryi jalkojeni p\u00e4\u00e4lle. Yritin nostaa teloja, etten tukehtuisi \u2013 tunsin, kuinka keuhkot painuivat kasaan.<\/p>\n<p class=\"paragraph\">Rinnekone oli el\u00e4m\u00e4kerran mukaan Silvon rinnan p\u00e4\u00e4ll\u00e4, kun Heikki Kinnunen sai kiinnitetty\u00e4 kuljettajan huomion.<\/p>\n<p class=\"paragraph\">\u2013 Muistan joka sekunnin. Kuinka kone tuli p\u00e4\u00e4lle. Kuinka Heikki huusi PERUUTA! PYS\u00c4YT\u00c4 NYT PERKELE, AKKA ON ALLA! Kuinka kuljettaja pys\u00e4ytti, tuli katsomaan, n\u00e4ki ett\u00e4 olin p\u00e4\u00e4t\u00e4 vaille koneen alla ja painui peruuttamaan. Perkele. Siin\u00e4 vaiheessa, kun keuhkot meniv\u00e4t kasaan enk\u00e4 saanut en\u00e4\u00e4 happea, olin jo sulkemassa silmi\u00e4. Ajattelin, ett\u00e4 t\u00e4h\u00e4n se nyt j\u00e4i. Ett\u00e4 oli lyhyt t\u00e4m\u00e4 juttu, n\u00e4in lyhyt koko el\u00e4m\u00e4, kuvailee Silvo kirjassa.<\/p>\n<p class=\"paragraph\">Kirjassa kerrotaan, ett\u00e4 h\u00e4n sai kuitenkin henke\u00e4, ja tajusi, ett\u00e4 vasen jalka sojotti kummallisesti ja vatsanpohjaan valui jotain kuin hana olisi auki. Silvo kertoo kirjassa ymm\u00e4rt\u00e4neens\u00e4, ett\u00e4 h\u00e4nen reisiluunsa oli poikki \u2013 h\u00e4n alkoi lausua Is\u00e4 meid\u00e4n -rukousta.<\/p>\n<p class=\"paragraph\">Paavo, joka oli n\u00e4hnyt kaiken l\u00e4helt\u00e4, huusi kuljettajalle: \u00bbPerkele, s\u00e4 tapoit mun \u00e4itini!\u00bb Sitten h\u00e4n kiiruhti luokseni ja kysyi: \u00bb\u00c4iti, kuoletko s\u00e4?\u00bb Vastasin, ett\u00e4 rukoillaan, ettei mun tarvi kuolla. Pikkuj\u00e4tk\u00e4n kauhu her\u00e4tti minussa voimakkaan halun pysy\u00e4 hengiss\u00e4 ja h\u00e4nen \u00e4itin\u00e4\u00e4n. Kiitos Paavon, aloin kamppailla el\u00e4m\u00e4ni puolesta.<\/p>\n<p class=\"paragraph\">Paikalle saatiin el\u00e4m\u00e4kerran mukaan moottorikelkka ja pulkka, johon Silvo rojautettiin ja vietiin varikkohalliin odottamaan ambulanssia ilman kivunlievityst\u00e4.<\/p>\n<p>Satu Silvo joutui rankkaan onnettomuuteen vuonna 1998. Risto Kunnas<\/p>\n<p>T\u00e4llainen rinnekone Saarisel\u00e4ll\u00e4 ajoi Silvon yli. Risto Kunnas<\/p>\n<p>Satu Silvo tuotiin onnettomuuspaikalta rinteest\u00e4 t\u00e4ll\u00e4 ahkiolla. Risto Kunnas<\/p>\n<p class=\"paragraph\">Alhaalle p\u00e4\u00e4sty\u00e4mme Heikki tuli viereeni pit\u00e4m\u00e4\u00e4n minua k\u00e4dest\u00e4. N\u00e4in Paavon kauempana k\u00e4velev\u00e4n kuin levoton el\u00e4in, yksin, kenenk\u00e4\u00e4n lohduttamatta. Olin kauhuissani 10-vuotiaan takia ja sanoin Heikille, ett\u00e4 hoida poika, kyll\u00e4 m\u00e4 p\u00e4rj\u00e4\u00e4n. Ja joku tulikin ottamaan k\u00e4dest\u00e4ni. Koko sen karmean ajan, jonka odotin hoitoon p\u00e4\u00e4sy\u00e4, minusta pidettiin kiinni. Pit\u00e4j\u00e4t vaihtuivat, mutta ote ei kirvonnut kertaakaan, aina oli ihminen vierell\u00e4. Se esti menem\u00e4st\u00e4 shokkiin tai vaipumasta koomaan.<\/p>\n<p class=\"paragraph\">40 minuutin p\u00e4\u00e4st\u00e4 tuli ambulanssi Ivalosta, ja sielt\u00e4 Silvo kuljetettiin kirjan mukaan Rovaniemelle, jossa h\u00e4net kiid\u00e4tettiin leikkaussaliin yhdeks\u00e4ntuntiseen operaatioon. Sen aikana Silvolle laitettiin ydinluurauta katkenneen reisiluun sis\u00e4\u00e4n. Silvon lantio oli murtunut kolmesta kohdasta, ja kirurgi <strong>Ilkka Tulikouran<\/strong> mukaan j\u00e4i puolesta sentist\u00e4 kiinni, ett\u00e4 h\u00e4nen selk\u00e4rankansa olisi mennyt poikki. Kirjassa kerrotaan, ett\u00e4 toinen operaatio tehtiin Helsingiss\u00e4.<\/p>\n<p class=\"paragraph\">Kun tajusin, ett\u00e4 olen hengiss\u00e4, aloin itke\u00e4. Itkin p\u00e4iv\u00e4ll\u00e4 ja itkin y\u00f6ll\u00e4, itkin silm\u00e4ni turvoksiin ja p\u00e4\u00e4ni turraksi. Itkin, kunnes luokseni tuli l\u00e4\u00e4k\u00e4ripsykiatri, jonka kanssa sain puhuttua asiasta. Se oli ensimm\u00e4inen askel helpotuksen suuntaan. Vasta vuosia my\u00f6hemmin tajusin, miten syv\u00e4t henkiset traumat onnettomuus minuun j\u00e4tti.<\/p>\n<p class=\"paragraph\">Silvo vietti kuukauden sairaalassa ja kolme kuukautta py\u00f6r\u00e4tuolissa. H\u00e4n alkoi kuntouttaa itse\u00e4\u00e4n ja kertoo kirjassa, ettei kanna onnettomuudesta kaunaa kellek\u00e4\u00e4n, vaikka kokemus oli todella kova. Silvo kertoo kirjassa, ett\u00e4 tapahtumien vaikutuksesta h\u00e4n kiinnostui terveellisist\u00e4 el\u00e4m\u00e4ntavoista sek\u00e4 ruokavaliosta ja hoiti itse\u00e4\u00e4n esimerkiksi joogalla ja Method Putkisto -tekniikalla.<\/p>\n<p>Satu Silvo toipui vuoden 1998 hengenvaarallisesta onnettomuudesta nopeasti. T\u00e4ss\u00e4 h\u00e4n on vuonna 1999 Silvopleen avajaisissa.  Risto Kunnas<\/p>\n<p class=\"paragraph\">Annina Holmbergin kirjoittama Satu Silvon yhdeks\u00e4n el\u00e4m\u00e4\u00e4 -teos (WSOY) ilmestyy 5. marraskuuta.<\/p>\n","protected":false},"excerpt":{"rendered":"N\u00e4yttelij\u00e4 Satu Silvo kertoo uutuuskirjassa rinneonnettomuudesta, joka pys\u00e4ytti kaiken. Satu Silvo kertoo uutuuskirjassa el\u00e4m\u00e4ns\u00e4 muuttaneesta rinneonnettomuudesta. Jenni G\u00e4stgivar&hellip;\n","protected":false},"author":2,"featured_media":81452,"comment_status":"","ping_status":"","sticky":false,"template":"","format":"standard","meta":{"footnotes":""},"categories":[5],"tags":[35,22,23,26,27,33,31,30,17,101,99,100,24,25,28,29,15,18,21,98,32,19,20,140,16],"class_list":{"0":"post-81451","1":"post","2":"type-post","3":"status-publish","4":"format-standard","5":"has-post-thumbnail","7":"category-otsikot","8":"tag-24h","9":"tag-breaking-news","10":"tag-breakingnews","11":"tag-featured-news","12":"tag-featurednews","13":"tag-fi","14":"tag-finland","15":"tag-finnish","16":"tag-headlines","17":"tag-ihmissuhteet","18":"tag-lapset","19":"tag-lapset-ja-nuoret","20":"tag-latest-news","21":"tag-latestnews","22":"tag-main-news","23":"tag-mainnews","24":"tag-news","25":"tag-otsikot","26":"tag-paauutiset","27":"tag-perhe","28":"tag-suomi","29":"tag-top-stories","30":"tag-topstories","31":"tag-tv-ja-elokuvat","32":"tag-uutiset"},"share_on_mastodon":{"url":"https:\/\/pubeurope.com\/@fi\/115495447103165863","error":""},"_links":{"self":[{"href":"https:\/\/www.europesays.com\/fi\/wp-json\/wp\/v2\/posts\/81451","targetHints":{"allow":["GET"]}}],"collection":[{"href":"https:\/\/www.europesays.com\/fi\/wp-json\/wp\/v2\/posts"}],"about":[{"href":"https:\/\/www.europesays.com\/fi\/wp-json\/wp\/v2\/types\/post"}],"author":[{"embeddable":true,"href":"https:\/\/www.europesays.com\/fi\/wp-json\/wp\/v2\/users\/2"}],"replies":[{"embeddable":true,"href":"https:\/\/www.europesays.com\/fi\/wp-json\/wp\/v2\/comments?post=81451"}],"version-history":[{"count":0,"href":"https:\/\/www.europesays.com\/fi\/wp-json\/wp\/v2\/posts\/81451\/revisions"}],"wp:featuredmedia":[{"embeddable":true,"href":"https:\/\/www.europesays.com\/fi\/wp-json\/wp\/v2\/media\/81452"}],"wp:attachment":[{"href":"https:\/\/www.europesays.com\/fi\/wp-json\/wp\/v2\/media?parent=81451"}],"wp:term":[{"taxonomy":"category","embeddable":true,"href":"https:\/\/www.europesays.com\/fi\/wp-json\/wp\/v2\/categories?post=81451"},{"taxonomy":"post_tag","embeddable":true,"href":"https:\/\/www.europesays.com\/fi\/wp-json\/wp\/v2\/tags?post=81451"}],"curies":[{"name":"wp","href":"https:\/\/api.w.org\/{rel}","templated":true}]}}