{"id":81486,"date":"2025-11-05T06:33:08","date_gmt":"2025-11-05T06:33:08","guid":{"rendered":"https:\/\/www.europesays.com\/fi\/81486\/"},"modified":"2025-11-05T06:33:08","modified_gmt":"2025-11-05T06:33:08","slug":"dingon-kitaristi-viihtyy-nyt-jyvaskylassa-rakkauden-perassa-puoliso-oli-1990-luvulla-yhtyeen-nuoria-faneja-keski-suomi","status":"publish","type":"post","link":"https:\/\/www.europesays.com\/fi\/81486\/","title":{"rendered":"Dingon kitaristi viihtyy nyt Jyv\u00e4skyl\u00e4ss\u00e4 rakkauden per\u00e4ss\u00e4 \u2013\u2009puoliso oli 1990-luvulla yhtyeen nuoria faneja | Keski-Suomi"},"content":{"rendered":"<p>Sotkeudutaankohan t\u00e4ss\u00e4 nyt er\u00e4\u00e4nlaiseen kulttuuriseen omimiseen?<\/p>\n<p>L\u00e4tk\u00e4ist\u00e4\u00e4nk\u00f6 peri porilaisen Dingon alkuper\u00e4isj\u00e4seneen ja kitaristiin <strong>Jonttu Virtaan<\/strong>, 69, turhan vahva Jyv\u00e4skyl\u00e4-leima?<\/p>\n<p>Pori ja Virta ovat erottamattomat. Heid\u00e4n yhteiselonsa on kest\u00e4nyt paljasjalkaisuudesta rokkarin buutseihin, ja jatkuu aina vain.<\/p>\n<p>Virralla on Porissa tukikohtansa. Mutta muutamana viime vuonna h\u00e4n on viett\u00e4nyt aikaansa p\u00e4\u00e4osin Jyv\u00e4skyl\u00e4ss\u00e4. Siihen on syd\u00e4men muotoinen syy.<\/p>\n","protected":false},"excerpt":{"rendered":"Sotkeudutaankohan t\u00e4ss\u00e4 nyt er\u00e4\u00e4nlaiseen kulttuuriseen omimiseen? L\u00e4tk\u00e4ist\u00e4\u00e4nk\u00f6 peri porilaisen Dingon alkuper\u00e4isj\u00e4seneen ja kitaristiin Jonttu Virtaan, 69, turhan vahva&hellip;\n","protected":false},"author":2,"featured_media":81487,"comment_status":"","ping_status":"","sticky":false,"template":"","format":"standard","meta":{"footnotes":""},"categories":[136],"tags":[407,137,33,31,30,408,425,16981,108,47,141,2787,32,2590,109],"class_list":{"0":"post-81486","1":"post","2":"type-post","3":"status-publish","4":"format-standard","5":"has-post-thumbnail","7":"category-julkkikset","8":"tag-celebrities","9":"tag-entertainment","10":"tag-fi","11":"tag-finland","12":"tag-finnish","13":"tag-julkkikset","14":"tag-jyvaskyla","15":"tag-kompassiaukio","16":"tag-kulttuuri","17":"tag-musiikki","18":"tag-muusikot-bandit","19":"tag-pori","20":"tag-suomi","21":"tag-tanaan","22":"tag-viihde"},"share_on_mastodon":{"url":"https:\/\/pubeurope.com\/@fi\/115495698613366199","error":""},"_links":{"self":[{"href":"https:\/\/www.europesays.com\/fi\/wp-json\/wp\/v2\/posts\/81486","targetHints":{"allow":["GET"]}}],"collection":[{"href":"https:\/\/www.europesays.com\/fi\/wp-json\/wp\/v2\/posts"}],"about":[{"href":"https:\/\/www.europesays.com\/fi\/wp-json\/wp\/v2\/types\/post"}],"author":[{"embeddable":true,"href":"https:\/\/www.europesays.com\/fi\/wp-json\/wp\/v2\/users\/2"}],"replies":[{"embeddable":true,"href":"https:\/\/www.europesays.com\/fi\/wp-json\/wp\/v2\/comments?post=81486"}],"version-history":[{"count":0,"href":"https:\/\/www.europesays.com\/fi\/wp-json\/wp\/v2\/posts\/81486\/revisions"}],"wp:featuredmedia":[{"embeddable":true,"href":"https:\/\/www.europesays.com\/fi\/wp-json\/wp\/v2\/media\/81487"}],"wp:attachment":[{"href":"https:\/\/www.europesays.com\/fi\/wp-json\/wp\/v2\/media?parent=81486"}],"wp:term":[{"taxonomy":"category","embeddable":true,"href":"https:\/\/www.europesays.com\/fi\/wp-json\/wp\/v2\/categories?post=81486"},{"taxonomy":"post_tag","embeddable":true,"href":"https:\/\/www.europesays.com\/fi\/wp-json\/wp\/v2\/tags?post=81486"}],"curies":[{"name":"wp","href":"https:\/\/api.w.org\/{rel}","templated":true}]}}