{"id":81488,"date":"2025-11-05T06:38:07","date_gmt":"2025-11-05T06:38:07","guid":{"rendered":"https:\/\/www.europesays.com\/fi\/81488\/"},"modified":"2025-11-05T06:38:07","modified_gmt":"2025-11-05T06:38:07","slug":"uuden-predator-elokuvan-rotten-tomatoes-arvosana-on-kylla-melkoinen-yllatys","status":"publish","type":"post","link":"https:\/\/www.europesays.com\/fi\/81488\/","title":{"rendered":"Uuden Predator-elokuvan Rotten Tomatoes -arvosana on kyll\u00e4 melkoinen yll\u00e4tys"},"content":{"rendered":"<p>Perjantaina ensi-iltansa saavan Predator: Badlandsin arvioiden embargo raukesi eilen illalla.<\/p>\n<p>Muropaketin omassa arviossa Dan Trachtenbergin ohjaama <a href=\"https:\/\/muropaketti.com\/avainsana\/predator-badlands\/\" rel=\"nofollow noopener\" target=\"_blank\">Predator: Badlands<\/a> todettiin huomattavasti heikommaksi kuin ohjaajan kaksi aikaisempaa Predator-elokuvaa \u2013 Prey (2022) ja Predator: Killer of Killers (2025).<\/p>\n<p>\u201dBadlands on rohkeasti erilainen Predator-elokuva, jolla ei valitettavasti ole juuri mit\u00e4\u00e4n tekemist\u00e4 scifi\u00e4, toimintaa ja kauhua sekoittaneen \u00e4\u00e4riv\u00e4kivaltaisen kasariklassikon kanssa. Uutuus on liki alusta loppuun yht\u00e4 pitk\u00e4\u00e4 toimintakohtausta. Teinisyst\u00e4v\u00e4llinen actionseikkailun ja komedian hybridi on auttamattoman kesy viritelm\u00e4. Predator-elokuvaksi tyylilt\u00e4\u00e4n erilainen Badlands kaipaisi reippaasti rujompaa r\u00e4imett\u00e4 videopelim\u00e4isen kuvastonsa tueksi\u201d, toimittaja Aki Lehti tuskaili kahden t\u00e4hden arviossaan.<\/p>\n<p><a href=\"https:\/\/muropaketti.com\/elokuvat\/elokuva-arvostelut\/arvostelu-predator-badlands-on-raivostuttavan-kesy-toisinto-edeltavasta-prey-elokuvasta\/\" rel=\"nofollow noopener\" target=\"_blank\">Disneyn uusi elokuva kesytt\u00e4\u00e4 Predatorin K12-ik\u00e4rajan kiukkupyllyksi<\/a><\/p>\n<p>Monelle muulle kriitikolle Predator: Badlands on maistunut selv\u00e4sti paremmin. <\/p>\n<p>Arvioita summaavalla <a href=\"https:\/\/www.rottentomatoes.com\/m\/predator_badlands\" target=\"_blank\" rel=\"noreferrer noopener nofollow\">Rotten Tomatoes -sivustolla<\/a> Trachtenbergin elokuvan tuoreusaste on yli 70 arvion j\u00e4lkeen jopa 89 prosenttia, mit\u00e4 voi pit\u00e4\u00e4 aikamoisena yll\u00e4tyksen\u00e4. Rotten Tomatoesin kanssa samalla asialla olevalla <a href=\"https:\/\/www.metacritic.com\/movie\/predator-badlands\/\" target=\"_blank\" rel=\"noreferrer noopener nofollow\">Metacritic-sivustolla<\/a> ollaan hieman kriittisempi\u00e4; siell\u00e4 Badlandsin arvosana on t\u00e4ll\u00e4 hetkell\u00e4 69\/100.<\/p>\n<p>Predator: Badlandsin juonikuvaus kertoo elokuvasta seuraavasti:<\/p>\n<p>\u201dElle Fanningin ja Dimitrius Schuster-Koloamatangin t\u00e4hditt\u00e4m\u00e4 Predator: Badlands sijoittuu tulevaisuuteen kaukaiselle planeetalle, jossa nuori klaaninsa hylk\u00e4\u00e4m\u00e4 Predator l\u00f6yt\u00e4\u00e4 yll\u00e4tt\u00e4v\u00e4n liittolaisen Thiasta (Fanning) ja l\u00e4htee vaaralliselle matkalle etsim\u00e4\u00e4n lopullista vastustajaansa.\u201d<\/p>\n","protected":false},"excerpt":{"rendered":"Perjantaina ensi-iltansa saavan Predator: Badlandsin arvioiden embargo raukesi eilen illalla. Muropaketin omassa arviossa Dan Trachtenbergin ohjaama Predator: Badlands&hellip;\n","protected":false},"author":2,"featured_media":55823,"comment_status":"","ping_status":"","sticky":false,"template":"","format":"standard","meta":{"footnotes":""},"categories":[131],"tags":[12614,155,137,33,173,31,30,172,12615,13266,32,109],"class_list":{"0":"post-81488","1":"post","2":"type-post","3":"status-publish","4":"format-standard","5":"has-post-thumbnail","7":"category-elokuvat","8":"tag-dan-trachtenberg","9":"tag-elokuvat","10":"tag-entertainment","11":"tag-fi","12":"tag-film","13":"tag-finland","14":"tag-finnish","15":"tag-movies","16":"tag-predator","17":"tag-predator-badlands","18":"tag-suomi","19":"tag-viihde"},"share_on_mastodon":{"url":"https:\/\/pubeurope.com\/@fi\/115495718337522484","error":""},"_links":{"self":[{"href":"https:\/\/www.europesays.com\/fi\/wp-json\/wp\/v2\/posts\/81488","targetHints":{"allow":["GET"]}}],"collection":[{"href":"https:\/\/www.europesays.com\/fi\/wp-json\/wp\/v2\/posts"}],"about":[{"href":"https:\/\/www.europesays.com\/fi\/wp-json\/wp\/v2\/types\/post"}],"author":[{"embeddable":true,"href":"https:\/\/www.europesays.com\/fi\/wp-json\/wp\/v2\/users\/2"}],"replies":[{"embeddable":true,"href":"https:\/\/www.europesays.com\/fi\/wp-json\/wp\/v2\/comments?post=81488"}],"version-history":[{"count":0,"href":"https:\/\/www.europesays.com\/fi\/wp-json\/wp\/v2\/posts\/81488\/revisions"}],"wp:featuredmedia":[{"embeddable":true,"href":"https:\/\/www.europesays.com\/fi\/wp-json\/wp\/v2\/media\/55823"}],"wp:attachment":[{"href":"https:\/\/www.europesays.com\/fi\/wp-json\/wp\/v2\/media?parent=81488"}],"wp:term":[{"taxonomy":"category","embeddable":true,"href":"https:\/\/www.europesays.com\/fi\/wp-json\/wp\/v2\/categories?post=81488"},{"taxonomy":"post_tag","embeddable":true,"href":"https:\/\/www.europesays.com\/fi\/wp-json\/wp\/v2\/tags?post=81488"}],"curies":[{"name":"wp","href":"https:\/\/api.w.org\/{rel}","templated":true}]}}