{"id":81506,"date":"2025-11-05T07:02:10","date_gmt":"2025-11-05T07:02:10","guid":{"rendered":"https:\/\/www.europesays.com\/fi\/81506\/"},"modified":"2025-11-05T07:02:10","modified_gmt":"2025-11-05T07:02:10","slug":"latelan-sarkku-puoliso-ei-jaa-miehelleen-kakkoseksi-esittelee-keksintoaan","status":"publish","type":"post","link":"https:\/\/www.europesays.com\/fi\/81506\/","title":{"rendered":"Latelan Sarkku-puoliso ei j\u00e4\u00e4 miehelleen kakkoseksi: esittelee keksint\u00f6\u00e4\u00e4n"},"content":{"rendered":"<p>Maatilan t\u00f6iss\u00e4 vaaditaan kekseli\u00e4isyytt\u00e4, ja arkipatentteja joutuu kehittelem\u00e4\u00e4n alvariinsa mieli p\u00e4rj\u00e4t\u00e4.<\/p>\n<p>Nyt Latelan Laurin Sarkku-puoliso on kehitellyt yhden hommaansa helpottavan asian.<\/p>\n<p>Sarkku monitoimikoneen kimpussa<\/p>\n<p>-Hevosten makuuhallin patjanvaihtoviikot ei oo yht\u00e4\u00e4n niin tyls\u00e4t ja raskaat kun keksii miten 300 kilon turvepaalit saa purettua oljen pohjalle parissa minuutissa, Sarkku esittelee.<\/p>\n<p>Ja niin se vain homma k\u00e4y kuin Str\u00f6ms\u00f6ss\u00e4.<\/p>\n<p>Ensin nostetaan kurottaja-monitoimivempeleell\u00e4 paali yl\u00f6s ja rep\u00e4ist\u00e4\u00e4n suojapaperi irti. Sitten nostetaan paali yl\u00f6s korkeuksiin ja pudotetaan se maahan, jolloin se hajoaa.<\/p>\n<p>Lue my\u00f6s: <a href=\"https:\/\/www.como.fi\/uutiset\/latelan-lauri-huttunen-on-kultainen-mies-taman-rakensi-sarkku-vaimolleen\/\" title=\"Latelan Lauri Huttunen on kultainen mies \u2013 t\u00e4m\u00e4n rakensi Sarkku-vaimolleen\" class=\"underline-custom !font-montserrat !font-bold !underline-offset-4 !decoration-4 !decoration-red-600 !text-md\" rel=\"nofollow noopener\" target=\"_blank\">Latelan Lauri Huttunen on kultainen mies \u2013 t\u00e4m\u00e4n rakensi Sarkku-vaimolleen<\/a><\/p>\n<p>Lue my\u00f6s: <a href=\"https:\/\/www.como.fi\/uutiset\/latelan-sari-anna-julkaisi-onnellisen-videon-kiitos-elamani-rakkaudelle-laurille\/\" title=\"Latelan Sari-Anna julkaisi onnellisen videon: \u201dKiitos el\u00e4m\u00e4ni rakkaudelle, Laurille\u201d\" class=\"underline-custom !font-montserrat !font-bold !underline-offset-4 !decoration-4 !decoration-red-600 !text-md\" rel=\"nofollow noopener\" target=\"_blank\">Latelan Sari-Anna julkaisi onnellisen videon: \u201dKiitos el\u00e4m\u00e4ni rakkaudelle, Laurille\u201d<\/a><\/p>\n<p>N\u00e4in se homma etenee. Katso alta tai <a href=\"https:\/\/www.instagram.com\/p\/DQAOadcDEKP\/\" rel=\"nofollow noopener\" target=\"_blank\">t\u00e4st\u00e4.<\/a><\/p>\n<p>Lue my\u00f6s: <a href=\"https:\/\/www.como.fi\/tilaa-comon-uutiskirje\/\" title=\"Tilaa Comon uutiskirje ja tied\u00e4t mist\u00e4 kahvitauolla puhutaan! Nappaa kotimaan tv-vinkit ja puheenaiheet suoraan s\u00e4hk\u00f6postiin t\u00e4st\u00e4.\" class=\"underline-custom !font-montserrat !font-bold !underline-offset-4 !decoration-4 !decoration-red-600 !text-md\" rel=\"nofollow noopener\" target=\"_blank\">Tilaa Comon uutiskirje ja tied\u00e4t mist\u00e4 kahvitauolla puhutaan! Nappaa kotimaan tv-vinkit ja puheenaiheet suoraan s\u00e4hk\u00f6postiin t\u00e4st\u00e4.<\/a><\/p>\n<p>\t\t\t<script async src=\"\/\/www.instagram.com\/embed.js\"><\/script><\/p>\n","protected":false},"excerpt":{"rendered":"Maatilan t\u00f6iss\u00e4 vaaditaan kekseli\u00e4isyytt\u00e4, ja arkipatentteja joutuu kehittelem\u00e4\u00e4n alvariinsa mieli p\u00e4rj\u00e4t\u00e4. Nyt Latelan Laurin Sarkku-puoliso on kehitellyt yhden&hellip;\n","protected":false},"author":2,"featured_media":81507,"comment_status":"","ping_status":"","sticky":false,"template":"","format":"standard","meta":{"footnotes":""},"categories":[133],"tags":[137,33,31,30,5147,32,206,156,109],"class_list":{"0":"post-81506","1":"post","2":"type-post","3":"status-publish","4":"format-standard","5":"has-post-thumbnail","7":"category-televisiot","8":"tag-entertainment","9":"tag-fi","10":"tag-finland","11":"tag-finnish","12":"tag-latela","13":"tag-suomi","14":"tag-televisiot","15":"tag-tv","16":"tag-viihde"},"share_on_mastodon":{"url":"https:\/\/pubeurope.com\/@fi\/115495812634411566","error":""},"_links":{"self":[{"href":"https:\/\/www.europesays.com\/fi\/wp-json\/wp\/v2\/posts\/81506","targetHints":{"allow":["GET"]}}],"collection":[{"href":"https:\/\/www.europesays.com\/fi\/wp-json\/wp\/v2\/posts"}],"about":[{"href":"https:\/\/www.europesays.com\/fi\/wp-json\/wp\/v2\/types\/post"}],"author":[{"embeddable":true,"href":"https:\/\/www.europesays.com\/fi\/wp-json\/wp\/v2\/users\/2"}],"replies":[{"embeddable":true,"href":"https:\/\/www.europesays.com\/fi\/wp-json\/wp\/v2\/comments?post=81506"}],"version-history":[{"count":0,"href":"https:\/\/www.europesays.com\/fi\/wp-json\/wp\/v2\/posts\/81506\/revisions"}],"wp:featuredmedia":[{"embeddable":true,"href":"https:\/\/www.europesays.com\/fi\/wp-json\/wp\/v2\/media\/81507"}],"wp:attachment":[{"href":"https:\/\/www.europesays.com\/fi\/wp-json\/wp\/v2\/media?parent=81506"}],"wp:term":[{"taxonomy":"category","embeddable":true,"href":"https:\/\/www.europesays.com\/fi\/wp-json\/wp\/v2\/categories?post=81506"},{"taxonomy":"post_tag","embeddable":true,"href":"https:\/\/www.europesays.com\/fi\/wp-json\/wp\/v2\/tags?post=81506"}],"curies":[{"name":"wp","href":"https:\/\/api.w.org\/{rel}","templated":true}]}}