{"id":81551,"date":"2025-11-05T08:04:08","date_gmt":"2025-11-05T08:04:08","guid":{"rendered":"https:\/\/www.europesays.com\/fi\/81551\/"},"modified":"2025-11-05T08:04:08","modified_gmt":"2025-11-05T08:04:08","slug":"poliisi-tutkii-salakatselua-oppilasasuntolasta-loydettiin-ulkopuolisen-asentamat-kamerat-uutissuomalainen","status":"publish","type":"post","link":"https:\/\/www.europesays.com\/fi\/81551\/","title":{"rendered":"Poliisi tutkii salakatselua \u2013 oppilasasuntolasta l\u00f6ydettiin ulkopuolisen asentamat kamerat | Uutissuomalainen"},"content":{"rendered":"<p>Poliisi tutkii salakatselutapausta Pietarsaaressa. Pohjanmaan poliisilaitos kertoi keskiviikkoaamuna, ett\u00e4 oppilasasuntolakiinteist\u00f6n yhteisist\u00e4 tiloista l\u00f6ydettiin viime viikolla ulkopuolisen asentamat videokamerat.<\/p>\n<p>\u2013\u2009Poliisi on kuulustellut yhden rikoksesta ep\u00e4illyn henkil\u00f6n, joka on my\u00f6nt\u00e4nyt asentaneensa kamerat, sanoo tutkinnanjohtaja rikoskomisario <strong>Juho Holmstr\u00f6m<\/strong>.<\/p>\n<p>Poliisi on tehnyt kotietsint\u00f6j\u00e4 muun muassa ep\u00e4illyn kotiin ja takavarikoinut erilaisia elektronisia laitteita. Esitutkinta jatkuu tutkimalla laitteita ja niiss\u00e4 olevia aineistoja sek\u00e4 asianomistajien kuulusteluilla.<\/p>\n","protected":false},"excerpt":{"rendered":"Poliisi tutkii salakatselutapausta Pietarsaaressa. Pohjanmaan poliisilaitos kertoi keskiviikkoaamuna, ett\u00e4 oppilasasuntolakiinteist\u00f6n yhteisist\u00e4 tiloista l\u00f6ydettiin viime viikolla ulkopuolisen asentamat videokamerat.&hellip;\n","protected":false},"author":2,"featured_media":81552,"comment_status":"","ping_status":"","sticky":false,"template":"","format":"standard","meta":{"footnotes":""},"categories":[12],"tags":[22,23,26,27,33,31,30,17,55,53,24,25,28,29,15,18,21,122,54,7918,52,32,19,20,546,16],"class_list":{"0":"post-81551","1":"post","2":"type-post","3":"status-publish","4":"format-standard","5":"has-post-thumbnail","7":"category-suomi","8":"tag-breaking-news","9":"tag-breakingnews","10":"tag-featured-news","11":"tag-featurednews","12":"tag-fi","13":"tag-finland","14":"tag-finnish","15":"tag-headlines","16":"tag-lainvalvonta","17":"tag-laki-oikeus-ja-rikos","18":"tag-latest-news","19":"tag-latestnews","20":"tag-main-news","21":"tag-mainnews","22":"tag-news","23":"tag-otsikot","24":"tag-paauutiset","25":"tag-pelastaminen","26":"tag-pelastuspalvelut","27":"tag-pietarsaaren-seutukunta","28":"tag-poliisi","29":"tag-suomi","30":"tag-top-stories","31":"tag-topstories","32":"tag-turvallisuus","33":"tag-uutiset"},"share_on_mastodon":{"url":"https:\/\/pubeurope.com\/@fi\/115496056632134960","error":""},"_links":{"self":[{"href":"https:\/\/www.europesays.com\/fi\/wp-json\/wp\/v2\/posts\/81551","targetHints":{"allow":["GET"]}}],"collection":[{"href":"https:\/\/www.europesays.com\/fi\/wp-json\/wp\/v2\/posts"}],"about":[{"href":"https:\/\/www.europesays.com\/fi\/wp-json\/wp\/v2\/types\/post"}],"author":[{"embeddable":true,"href":"https:\/\/www.europesays.com\/fi\/wp-json\/wp\/v2\/users\/2"}],"replies":[{"embeddable":true,"href":"https:\/\/www.europesays.com\/fi\/wp-json\/wp\/v2\/comments?post=81551"}],"version-history":[{"count":0,"href":"https:\/\/www.europesays.com\/fi\/wp-json\/wp\/v2\/posts\/81551\/revisions"}],"wp:featuredmedia":[{"embeddable":true,"href":"https:\/\/www.europesays.com\/fi\/wp-json\/wp\/v2\/media\/81552"}],"wp:attachment":[{"href":"https:\/\/www.europesays.com\/fi\/wp-json\/wp\/v2\/media?parent=81551"}],"wp:term":[{"taxonomy":"category","embeddable":true,"href":"https:\/\/www.europesays.com\/fi\/wp-json\/wp\/v2\/categories?post=81551"},{"taxonomy":"post_tag","embeddable":true,"href":"https:\/\/www.europesays.com\/fi\/wp-json\/wp\/v2\/tags?post=81551"}],"curies":[{"name":"wp","href":"https:\/\/api.w.org\/{rel}","templated":true}]}}