{"id":81568,"date":"2025-11-05T08:29:08","date_gmt":"2025-11-05T08:29:08","guid":{"rendered":"https:\/\/www.europesays.com\/fi\/81568\/"},"modified":"2025-11-05T08:29:08","modified_gmt":"2025-11-05T08:29:08","slug":"yhdysvallat-iski-jalleen-tyynellamerella-kaksi-ihmista-kuoli-uutissuomalainen","status":"publish","type":"post","link":"https:\/\/www.europesays.com\/fi\/81568\/","title":{"rendered":"Yhdysvallat iski j\u00e4lleen Tyynell\u00e4merell\u00e4, kaksi ihmist\u00e4 kuoli | Uutissuomalainen"},"content":{"rendered":"<p>Yhdysvallat on iskenyt j\u00e4lleen Tyynell\u00e4merell\u00e4 alukseen, jonka maa sanoo liittyv\u00e4n huumeiden salakuljetukseen. Iskussa on kuollut maan puolustusministeri Pete Hegsethin <a href=\"https:\/\/x.com\/SecWar\/status\/1985863010376642677\" rel=\"nofollow\">mukaan<\/a> kaksi ihmist\u00e4.<\/p>\n<p>Hegesethin mukaan Yhdysvaltain tiedusteluviranomaiset tiesiv\u00e4t aluksen liittyneen huumeiden salakuljettamiseen.<\/p>\n<p>Yhdysvallat on viime viikkoina tuhonnut Karibianmerell\u00e4 ja Tyynell\u00e4merell\u00e4 useita aluksia, joita maa sanoo k\u00e4ytett\u00e4v\u00e4n huumeiden salakuljettamiseen. Iskuissa on kuollut l\u00e4hes 70 ihmist\u00e4.<\/p>\n<p>Yhdysvallat ei ole julkistanut mit\u00e4\u00e4n todisteita siit\u00e4, ett\u00e4 alukset olisivat salakuljettaneet huumeita tai olisivat olleet uhka Yhdysvalloille.<\/p>\n<p>YK kehotti viime viikolla Yhdysvaltoja lopettamaan iskut. YK:n ihmisoikeusvaltuutettu Volker T\u00fcrk sanoi lausunnossaan, ett\u00e4 iskuissa kuolleet ihmiset oli surmattu olosuhteissa, joille ei l\u00f6ydy kansainv\u00e4lisen oikeuden mukaista oikeutusta. H\u00e4nen mukaansa iskuja on mahdoton hyv\u00e4ksy\u00e4.<\/p>\n","protected":false},"excerpt":{"rendered":"Yhdysvallat on iskenyt j\u00e4lleen Tyynell\u00e4merell\u00e4 alukseen, jonka maa sanoo liittyv\u00e4n huumeiden salakuljetukseen. Iskussa on kuollut maan puolustusministeri Pete&hellip;\n","protected":false},"author":2,"featured_media":81569,"comment_status":"","ping_status":"","sticky":false,"template":"","format":"standard","meta":{"footnotes":""},"categories":[14],"tags":[722,22,23,26,27,33,31,30,17,2455,683,24,25,28,29,15,18,21,637,32,19,20,56,4385,16,2569,2568,59,60,61],"class_list":{"0":"post-81568","1":"post","2":"type-post","3":"status-publish","4":"format-standard","5":"has-post-thumbnail","7":"category-ulkomaat","8":"tag-amerikka","9":"tag-breaking-news","10":"tag-breakingnews","11":"tag-featured-news","12":"tag-featurednews","13":"tag-fi","14":"tag-finland","15":"tag-finnish","16":"tag-headlines","17":"tag-hengenvaara-ja-loukkaantuminen","18":"tag-kuolema","19":"tag-latest-news","20":"tag-latestnews","21":"tag-main-news","22":"tag-mainnews","23":"tag-news","24":"tag-otsikot","25":"tag-paauutiset","26":"tag-politiikka","27":"tag-suomi","28":"tag-top-stories","29":"tag-topstories","30":"tag-ulkomaat","31":"tag-ulkopolitiikka-ja-kansainvalinen-politiikka","32":"tag-uutiset","33":"tag-vesikulkuneuvot","34":"tag-vesiliikenne","35":"tag-world","36":"tag-world-news","37":"tag-worldnews"},"share_on_mastodon":{"url":"https:\/\/pubeurope.com\/@fi\/115496154839770330","error":""},"_links":{"self":[{"href":"https:\/\/www.europesays.com\/fi\/wp-json\/wp\/v2\/posts\/81568","targetHints":{"allow":["GET"]}}],"collection":[{"href":"https:\/\/www.europesays.com\/fi\/wp-json\/wp\/v2\/posts"}],"about":[{"href":"https:\/\/www.europesays.com\/fi\/wp-json\/wp\/v2\/types\/post"}],"author":[{"embeddable":true,"href":"https:\/\/www.europesays.com\/fi\/wp-json\/wp\/v2\/users\/2"}],"replies":[{"embeddable":true,"href":"https:\/\/www.europesays.com\/fi\/wp-json\/wp\/v2\/comments?post=81568"}],"version-history":[{"count":0,"href":"https:\/\/www.europesays.com\/fi\/wp-json\/wp\/v2\/posts\/81568\/revisions"}],"wp:featuredmedia":[{"embeddable":true,"href":"https:\/\/www.europesays.com\/fi\/wp-json\/wp\/v2\/media\/81569"}],"wp:attachment":[{"href":"https:\/\/www.europesays.com\/fi\/wp-json\/wp\/v2\/media?parent=81568"}],"wp:term":[{"taxonomy":"category","embeddable":true,"href":"https:\/\/www.europesays.com\/fi\/wp-json\/wp\/v2\/categories?post=81568"},{"taxonomy":"post_tag","embeddable":true,"href":"https:\/\/www.europesays.com\/fi\/wp-json\/wp\/v2\/tags?post=81568"}],"curies":[{"name":"wp","href":"https:\/\/api.w.org\/{rel}","templated":true}]}}