{"id":81570,"date":"2025-11-05T08:30:08","date_gmt":"2025-11-05T08:30:08","guid":{"rendered":"https:\/\/www.europesays.com\/fi\/81570\/"},"modified":"2025-11-05T08:30:08","modified_gmt":"2025-11-05T08:30:08","slug":"seuraamme-poliisi-ja-tulli-paljastivat-jattimaisen-huumeringin-seuraa-tasta-tiedotustilaisuutta-hetki-hetkelta-paikalliset","status":"publish","type":"post","link":"https:\/\/www.europesays.com\/fi\/81570\/","title":{"rendered":"Seuraamme | Poliisi ja Tulli paljastivat j\u00e4ttim\u00e4isen huumeringin \u2013 seuraa t\u00e4st\u00e4 tiedotustilaisuutta hetki hetkelt\u00e4 | Paikalliset"},"content":{"rendered":"<p>Huumeiden maahantuonnin laaja verkosto ilmi.<br \/>\nIt\u00e4-Uudenmaan poliisi ja Tulli kertovat paljastaneensa poikkeuksellisen laajan kansainv\u00e4lisen huumausaineiden, muun muassa Alfa-PVP:n, maahantuonti- ja edelleen levitysorganisaation.<\/p>\n<p>\nSeuraamme kello 10 alkavaa tiedotustilaisuutta It\u00e4-Uudenmaan poliisilaitokselta.<\/p>\n","protected":false},"excerpt":{"rendered":"Huumeiden maahantuonnin laaja verkosto ilmi. It\u00e4-Uudenmaan poliisi ja Tulli kertovat paljastaneensa poikkeuksellisen laajan kansainv\u00e4lisen huumausaineiden, muun muassa Alfa-PVP:n,&hellip;\n","protected":false},"author":2,"featured_media":81571,"comment_status":"","ping_status":"","sticky":false,"template":"","format":"standard","meta":{"footnotes":""},"categories":[12],"tags":[22,23,26,27,33,31,30,17,55,53,24,25,614,28,29,15,18,21,122,54,52,32,19,20,546,16],"class_list":{"0":"post-81570","1":"post","2":"type-post","3":"status-publish","4":"format-standard","5":"has-post-thumbnail","7":"category-suomi","8":"tag-breaking-news","9":"tag-breakingnews","10":"tag-featured-news","11":"tag-featurednews","12":"tag-fi","13":"tag-finland","14":"tag-finnish","15":"tag-headlines","16":"tag-lainvalvonta","17":"tag-laki-oikeus-ja-rikos","18":"tag-latest-news","19":"tag-latestnews","20":"tag-maakunta-uusimaa","21":"tag-main-news","22":"tag-mainnews","23":"tag-news","24":"tag-otsikot","25":"tag-paauutiset","26":"tag-pelastaminen","27":"tag-pelastuspalvelut","28":"tag-poliisi","29":"tag-suomi","30":"tag-top-stories","31":"tag-topstories","32":"tag-turvallisuus","33":"tag-uutiset"},"share_on_mastodon":{"url":"https:\/\/pubeurope.com\/@fi\/115496158749383346","error":""},"_links":{"self":[{"href":"https:\/\/www.europesays.com\/fi\/wp-json\/wp\/v2\/posts\/81570","targetHints":{"allow":["GET"]}}],"collection":[{"href":"https:\/\/www.europesays.com\/fi\/wp-json\/wp\/v2\/posts"}],"about":[{"href":"https:\/\/www.europesays.com\/fi\/wp-json\/wp\/v2\/types\/post"}],"author":[{"embeddable":true,"href":"https:\/\/www.europesays.com\/fi\/wp-json\/wp\/v2\/users\/2"}],"replies":[{"embeddable":true,"href":"https:\/\/www.europesays.com\/fi\/wp-json\/wp\/v2\/comments?post=81570"}],"version-history":[{"count":0,"href":"https:\/\/www.europesays.com\/fi\/wp-json\/wp\/v2\/posts\/81570\/revisions"}],"wp:featuredmedia":[{"embeddable":true,"href":"https:\/\/www.europesays.com\/fi\/wp-json\/wp\/v2\/media\/81571"}],"wp:attachment":[{"href":"https:\/\/www.europesays.com\/fi\/wp-json\/wp\/v2\/media?parent=81570"}],"wp:term":[{"taxonomy":"category","embeddable":true,"href":"https:\/\/www.europesays.com\/fi\/wp-json\/wp\/v2\/categories?post=81570"},{"taxonomy":"post_tag","embeddable":true,"href":"https:\/\/www.europesays.com\/fi\/wp-json\/wp\/v2\/tags?post=81570"}],"curies":[{"name":"wp","href":"https:\/\/api.w.org\/{rel}","templated":true}]}}