{"id":81581,"date":"2025-11-05T08:49:09","date_gmt":"2025-11-05T08:49:09","guid":{"rendered":"https:\/\/www.europesays.com\/fi\/81581\/"},"modified":"2025-11-05T08:49:09","modified_gmt":"2025-11-05T08:49:09","slug":"flunssa-ja-korona-yleistyvat-talvea-kohti-asiantuntija-influenssarokotteen-ehtii-viela-hyvin-ottaa-uutiset-kotimaasta-ja-maailmalta","status":"publish","type":"post","link":"https:\/\/www.europesays.com\/fi\/81581\/","title":{"rendered":"Flunssa ja korona yleistyv\u00e4t talvea kohti \u2013\u202fasiantuntija: \u201cInfluenssarokotteen ehtii viel\u00e4 hyvin ottaa\u201d &#8211; Uutiset kotimaasta ja maailmalta"},"content":{"rendered":"<p>Sinkin ja C-vitamiinin j\u00e4ttiannosten tehosta flunssan hoidossa ei ole varmaa tutkimusn\u00e4ytt\u00f6\u00e4. <\/p>\n<p><a class=\"ArticleImage_imageContainer__e0EST\" href=\"https:\/\/www.europesays.com\/fi\/wp-content\/uploads\/2025\/11\/ndpg5vE89vdz89F09D3UmnLJtgk.jpg\"><img decoding=\"async\" src=\"https:\/\/www.europesays.com\/fi\/wp-content\/uploads\/2025\/11\/ndpg5vE89vdz89F09D3UmnLJtgk.jpg\" alt=\"Influenssarokotuksia annetaan nyt.\" loading=\"lazy\"\/><\/a><\/p>\n<p>Influenssarokotuksia annetaan nyt.\u00a0Kuva: Sanne Katainen<\/p>\n<p class=\"RichTextParagraph_richTextParagraph__Wxs3t undefined\">Suomessa kiert\u00e4\u00e4 parhaillaan monia eri hengitystieinfektiota aiheuttavia viruksia, kuten rinovirukset, adenovirukset ja koronavirus, kertoo THL:n tartuntatautil\u00e4\u00e4k\u00e4ri <strong id=\"strong-aca0a71623c36714ea359025548b36a7\">Aurora Djupsj\u00f6backa<\/strong>. <\/p>\n<p class=\"RichTextParagraph_richTextParagraph__Wxs3t undefined\">Flunssaa sairastetaan erityisesti syksy- ja talviaikaan, jolloin ihmiset viett\u00e4v\u00e4t aikaa sis\u00e4tiloissa ja virukset levi\u00e4v\u00e4t tehokkaimmin. Tarkkaa tietoa eri virusten aiheuttamista sairastumisista ei ole, sill\u00e4 tavallinen flunssa hoidetaan oireenmukaisesti kotona eik\u00e4 laboratorion\u00e4ytteit\u00e4 yleens\u00e4 oteta.<\/p>\n<p class=\"RichTextParagraph_richTextParagraph__Wxs3t undefined\">Flunssan omatoimisessa hoidossa t\u00e4rkeint\u00e4 ovat lepo kotona sek\u00e4 riitt\u00e4v\u00e4 nesteytys. Sinkin ja C-vitamiinin j\u00e4ttiannosten tehosta flunssan hoidossa ei ole varmaa tutkimusn\u00e4ytt\u00f6\u00e4. Sinkin k\u00e4ytt\u00f6\u00f6n voi liitty\u00e4 haittavaikutuksina vatsaoireita ja pahaa makua suussa.<\/p>\n<p>Influenssa- ja koronarokotteet<\/p>\n<p class=\"FactBox_text__oXQkV undefined\">Influenssarokotetta suositellaan raskaana oleville, 65 vuotta t\u00e4ytt\u00e4neille, alle 7-vuotiaille lapsille, sairautensa tai hoitonsa vuoksi riskiryhmiin kuuluville,  varusmiespalveluksensa aloittaville henkil\u00f6ille, laitosmaisissa olosuhteissa asuville, sosiaali- ja terveydenhuollon henkil\u00f6st\u00f6lle sek\u00e4 vakavalle influenssalle erityisen alttiiden henkil\u00f6iden l\u00e4hipiirille.<\/p>\n<p class=\"FactBox_text__oXQkV undefined\">Yht\u00e4 koronarokotteen perussarjaa suositellaan kaikille aiemmin rokottamattomille 18 vuotta t\u00e4ytt\u00e4neille sek\u00e4 12\u201317-vuotiaille riskiryhmiin kuuluville.<\/p>\n<p class=\"FactBox_text__oXQkV undefined\">Koronarokotteen tehosteannosta suositellaan ja tarjotaan edelleen maksutta riskiryhmille. N\u00e4it\u00e4 ovat hoivakodeissa sek\u00e4 s\u00e4\u00e4nn\u00f6llisess\u00e4 kotihoidossa tai omaishoidossa olevat i\u00e4kk\u00e4\u00e4t, kaikki 75 vuotta t\u00e4ytt\u00e4neet ja sit\u00e4 vanhemmat sek\u00e4 sairauden tai sairauden hoidon vuoksi voimakkaasti immuunipuutteiset. <\/p>\n<p class=\"RichTextParagraph_richTextParagraph__Wxs3t undefined\">Influenssatapauksia havaitaan yksitt\u00e4isin\u00e4 jo ennen epidemian alkamista, joka sijoittuu yleens\u00e4 vuodenvaihteen tienoille.<\/p>\n<p class=\"RichTextParagraph_richTextParagraph__Wxs3t undefined\">\u201dInfluenssaepidemian tarkkaa alkamisajankohta on vaikea ennustaa mutta se ajoittuu yleens\u00e4 vuodenvaihteeseen. Epidemian huippu n\u00e4hd\u00e4\u00e4n yleens\u00e4 tammi\u2013helmikuussa\u201d, Djupsj\u00f6backa sanoo.<\/p>\n<p class=\"RichTextParagraph_richTextParagraph__Wxs3t undefined\">T\u00e4n\u00e4 syksyn\u00e4 influenssatapauksia on ollut hieman tavanomaista enemm\u00e4n, mutta varsinaisesta epidemiasta ei ole viel\u00e4 merkkej\u00e4. <\/p>\n<p class=\"RichTextParagraph_richTextParagraph__Wxs3t undefined\">Influenssarokotukset ovat alkaneet hyvinvointialueilla. Djupsj\u00f6backan mukaan influenssarokotuksen ehtii hyvin viel\u00e4 ottaa. Suoja tautia vastaan kehittyy noin kahdessa viikossa. <\/p>\n<p class=\"RichTextParagraph_richTextParagraph__Wxs3t undefined\">Koronan\u00e4ytteit\u00e4 terveydenhuollossa otetaan edelleen, usein yhdess\u00e4 muiden taudinaiheuttajien testauksen kanssa. Koronavirustartuntoja raportoidaan kaikkina vuodenaikoina.<\/p>\n<p class=\"RichTextParagraph_richTextParagraph__Wxs3t undefined\">\u201dT\u00e4n\u00e4 syksyn\u00e4 koronavirusinfektioiden m\u00e4\u00e4r\u00e4 on hiukan noussut kes\u00e4n j\u00e4lkeen, mutta m\u00e4\u00e4r\u00e4t ovat edelleen alhaisempia kuin syksyll\u00e4 2023\u201d, Djupsj\u00f6backa toteaa.<\/p>\n<p class=\"RichTextParagraph_richTextParagraph__Wxs3t undefined\">Toisin kuin influenssan kohdalla, koronan epidemiavaiheet eiv\u00e4t ole yht\u00e4 ennustettavia.<\/p>\n<p class=\"RichTextParagraph_richTextParagraph__Wxs3t undefined\">Koronavirus on j\u00e4\u00e4nyt kiert\u00e4m\u00e4\u00e4n v\u00e4est\u00f6\u00f6n muiden hengitystievirusinfektioiden joukkoon, mutta valtaosalla taudinkuva on liev\u00e4.<\/p>\n<p class=\"RichTextParagraph_richTextParagraph__Wxs3t undefined\">Koronan oirekuva on muuttunut aiempaa lievemm\u00e4ksi ja muistuttaa nykyisin enemm\u00e4n yl\u00e4hengitystieinfektiota. Vakavia tautimuotoja ja niiden j\u00e4lkiseurauksia, kuten long covidia, esiintyy edelleen harvakseltaan.<\/p>\n","protected":false},"excerpt":{"rendered":"Sinkin ja C-vitamiinin j\u00e4ttiannosten tehosta flunssan hoidossa ei ole varmaa tutkimusn\u00e4ytt\u00f6\u00e4. Influenssarokotuksia annetaan nyt.\u00a0Kuva: Sanne Katainen Suomessa kiert\u00e4\u00e4&hellip;\n","protected":false},"author":2,"featured_media":81582,"comment_status":"","ping_status":"","sticky":false,"template":"","format":"standard","meta":{"footnotes":""},"categories":[165],"tags":[33,31,30,166,32,167],"class_list":{"0":"post-81581","1":"post","2":"type-post","3":"status-publish","4":"format-standard","5":"has-post-thumbnail","7":"category-terveys","8":"tag-fi","9":"tag-finland","10":"tag-finnish","11":"tag-health","12":"tag-suomi","13":"tag-terveys"},"share_on_mastodon":{"url":"https:\/\/pubeurope.com\/@fi\/115496233787298574","error":""},"_links":{"self":[{"href":"https:\/\/www.europesays.com\/fi\/wp-json\/wp\/v2\/posts\/81581","targetHints":{"allow":["GET"]}}],"collection":[{"href":"https:\/\/www.europesays.com\/fi\/wp-json\/wp\/v2\/posts"}],"about":[{"href":"https:\/\/www.europesays.com\/fi\/wp-json\/wp\/v2\/types\/post"}],"author":[{"embeddable":true,"href":"https:\/\/www.europesays.com\/fi\/wp-json\/wp\/v2\/users\/2"}],"replies":[{"embeddable":true,"href":"https:\/\/www.europesays.com\/fi\/wp-json\/wp\/v2\/comments?post=81581"}],"version-history":[{"count":0,"href":"https:\/\/www.europesays.com\/fi\/wp-json\/wp\/v2\/posts\/81581\/revisions"}],"wp:featuredmedia":[{"embeddable":true,"href":"https:\/\/www.europesays.com\/fi\/wp-json\/wp\/v2\/media\/81582"}],"wp:attachment":[{"href":"https:\/\/www.europesays.com\/fi\/wp-json\/wp\/v2\/media?parent=81581"}],"wp:term":[{"taxonomy":"category","embeddable":true,"href":"https:\/\/www.europesays.com\/fi\/wp-json\/wp\/v2\/categories?post=81581"},{"taxonomy":"post_tag","embeddable":true,"href":"https:\/\/www.europesays.com\/fi\/wp-json\/wp\/v2\/tags?post=81581"}],"curies":[{"name":"wp","href":"https:\/\/api.w.org\/{rel}","templated":true}]}}