{"id":81651,"date":"2025-11-05T10:16:09","date_gmt":"2025-11-05T10:16:09","guid":{"rendered":"https:\/\/www.europesays.com\/fi\/81651\/"},"modified":"2025-11-05T10:16:09","modified_gmt":"2025-11-05T10:16:09","slug":"lukiolaiset-urakoivat-vanhan-luontopolun-kuntoon-limingassa-nyt-lapset-ja-nuoret-keraavat-suojelurahoja","status":"publish","type":"post","link":"https:\/\/www.europesays.com\/fi\/81651\/","title":{"rendered":"Lukiolaiset urakoivat vanhan luontopolun kuntoon Limingassa \u2013 Nyt lapset ja nuoret ker\u00e4\u00e4v\u00e4t suojelurahoja"},"content":{"rendered":"<p> <img decoding=\"async\" class=\"responsive-image article__image-image lozad\"   src=\"https:\/\/www.europesays.com\/fi\/wp-content\/uploads\/2025\/11\/Ensm1mB9X4iMvdpj-xEb4ic-Ppa6dOq3Qnj8gwHOp7AGScR24qgePlywIi3A1youpfI3PLmNbYzqHyUXHm5ypeNYK0FqKx35469v.jpeg\" alt=\"Adelia Vattula ja Iita Kauppi osallistuivat pitkospuiden siistimiseen vapaaehtoisesti. \u2013 Opiskella voi kotonakin, mutta nyt voi k\u00e4ytt\u00e4\u00e4 hetken el\u00e4m\u00e4st\u00e4\u00e4n t\u00e4rke\u00e4n asian hyv\u00e4ksi, lukiolaiset totesivat.\"\/><\/p>\n<p>\n Adelia Vattula ja Iita Kauppi osallistuivat pitkospuiden siistimiseen vapaaehtoisesti. \u2013 Opiskella voi kotonakin, mutta nyt voi k\u00e4ytt\u00e4\u00e4 hetken el\u00e4m\u00e4st\u00e4\u00e4n t\u00e4rke\u00e4n asian hyv\u00e4ksi, lukiolaiset totesivat.\n <\/p>\n<p>\n Kuva: Emilia Tiitto\n <\/p>\n<p class=\"article__paragraph\">\n Suurin osa ty\u00f6st\u00e4 oli tehty varttitunnissa. Kahdeksan lukiolaisen teht\u00e4v\u00e4n\u00e4 oli kaivaa pitkospuut esiin, siisti\u00e4 luontopolun ymp\u00e4rist\u00f6\u00e4 ja kasata risut kasoiksi peukaloisen pes\u00e4paikoiksi.\n <\/p>\n<p class=\"article__paragraph\">\n \u2013\u202fRyhm\u00e4 oli tehokas, Luonnonperint\u00f6s\u00e4\u00e4ti\u00f6n suojelup\u00e4\u00e4llikk\u00f6 Ari-Pekka Auvinen naurahtaa.<\/p>\n","protected":false},"excerpt":{"rendered":"Adelia Vattula ja Iita Kauppi osallistuivat pitkospuiden siistimiseen vapaaehtoisesti. \u2013 Opiskella voi kotonakin, mutta nyt voi k\u00e4ytt\u00e4\u00e4 hetken&hellip;\n","protected":false},"author":2,"featured_media":81652,"comment_status":"","ping_status":"","sticky":false,"template":"","format":"standard","meta":{"footnotes":""},"categories":[117],"tags":[33,31,30,72,476,118,32,119,477],"class_list":{"0":"post-81651","1":"post","2":"type-post","3":"status-publish","4":"format-standard","5":"has-post-thumbnail","7":"category-luonto","8":"tag-fi","9":"tag-finland","10":"tag-finnish","11":"tag-luonto","12":"tag-nature","13":"tag-science","14":"tag-suomi","15":"tag-tiede","16":"tag-wildlife"},"share_on_mastodon":{"url":"https:\/\/pubeurope.com\/@fi\/115496575541870501","error":""},"_links":{"self":[{"href":"https:\/\/www.europesays.com\/fi\/wp-json\/wp\/v2\/posts\/81651","targetHints":{"allow":["GET"]}}],"collection":[{"href":"https:\/\/www.europesays.com\/fi\/wp-json\/wp\/v2\/posts"}],"about":[{"href":"https:\/\/www.europesays.com\/fi\/wp-json\/wp\/v2\/types\/post"}],"author":[{"embeddable":true,"href":"https:\/\/www.europesays.com\/fi\/wp-json\/wp\/v2\/users\/2"}],"replies":[{"embeddable":true,"href":"https:\/\/www.europesays.com\/fi\/wp-json\/wp\/v2\/comments?post=81651"}],"version-history":[{"count":0,"href":"https:\/\/www.europesays.com\/fi\/wp-json\/wp\/v2\/posts\/81651\/revisions"}],"wp:featuredmedia":[{"embeddable":true,"href":"https:\/\/www.europesays.com\/fi\/wp-json\/wp\/v2\/media\/81652"}],"wp:attachment":[{"href":"https:\/\/www.europesays.com\/fi\/wp-json\/wp\/v2\/media?parent=81651"}],"wp:term":[{"taxonomy":"category","embeddable":true,"href":"https:\/\/www.europesays.com\/fi\/wp-json\/wp\/v2\/categories?post=81651"},{"taxonomy":"post_tag","embeddable":true,"href":"https:\/\/www.europesays.com\/fi\/wp-json\/wp\/v2\/tags?post=81651"}],"curies":[{"name":"wp","href":"https:\/\/api.w.org\/{rel}","templated":true}]}}