{"id":81743,"date":"2025-11-05T12:19:08","date_gmt":"2025-11-05T12:19:08","guid":{"rendered":"https:\/\/www.europesays.com\/fi\/81743\/"},"modified":"2025-11-05T12:19:08","modified_gmt":"2025-11-05T12:19:08","slug":"kuopion-kaupunginteatterin-kevaassa-nahdaan-ysarin-suosikkisarjaan-pohjaava-metsolat-seka-jukka-itkosen-lastenrunoihin-perustuva-naytelma-savo","status":"publish","type":"post","link":"https:\/\/www.europesays.com\/fi\/81743\/","title":{"rendered":"Kuopion kaupunginteatterin kev\u00e4\u00e4ss\u00e4 n\u00e4hd\u00e4\u00e4n ys\u00e4rin suosikkisarjaan pohjaava Metsolat sek\u00e4 Jukka Itkosen lastenrunoihin perustuva n\u00e4ytelm\u00e4 | Savo"},"content":{"rendered":"<p>Kuopion kaupunginteatterin kev\u00e4\u00e4ss\u00e4 2026 n\u00e4hd\u00e4\u00e4n tarinoita perheest\u00e4, yst\u00e4vyydest\u00e4 ja unelmista. Kauden p\u00e4\u00e4teoksena on suomalaisille tuttu tarina Metsoloiden perheest\u00e4.<\/p>\n<p>Metsolat \u2013 Urjanlinna -niminen n\u00e4ytelm\u00e4 vie katsojat 1980-luvun Kainuuseen Hoikan kyl\u00e4\u00e4n. Perheen kuopus Erkki Metsola p\u00e4\u00e4tt\u00e4\u00e4 perustaa kotikyl\u00e4\u00e4ns\u00e4 Urjanlinnan laskettelukeskuksen, mutta kateellisia vastaanpanijoita riitt\u00e4\u00e4. N\u00e4ytelm\u00e4 sukeltaa perhesiteisiin, sukupolvien v\u00e4lisiin j\u00e4nnitteisiin ja maaseudun el\u00e4m\u00e4nmuutoksiin el\u00e4m\u00e4nmakuisesti ja pilke silm\u00e4kulmassa.<\/p>\n<p><strong>Miisa Lind\u00e9nin<\/strong> dramatisoima teos pohjautuu alkuper\u00e4isen Metsolat-sarjan (1993\u20131995) ensimm\u00e4iseen tuotantokauteen. N\u00e4ytelm\u00e4n ohjaa <strong>Mikko Rantaniva<\/strong>.<\/p>\n<p><strong class=\"diks-storyline__impact\">Toisena uutuutena <\/strong>kev\u00e4tkaudella n\u00e4hd\u00e4\u00e4n <strong>Jukka Itkosen <\/strong>(1951\u20132021) lastenrunoihin perustuva n\u00e4ytelm\u00e4 Kulkukoira Kotilainen ja Citymets\u00e4n sankarit. <strong>Taava Hakalan <\/strong>ohjaamassa esityksess\u00e4 Itkosen runot her\u00e4\u00e4v\u00e4t eloon musiikin ja mielikuvituksen siivitt\u00e4m\u00e4n\u00e4.<\/p>\n<p>Kev\u00e4\u00e4n ohjelmistossa jatkavat syksylt\u00e4 T\u00e4ydellinen resepti -musikaali, Id\u00e4n pikajunan arvoitus sek\u00e4 Valkoinen valas. Vierailuesityksin\u00e4 teatterilla n\u00e4hd\u00e4\u00e4n muun muassa Kuopion Sirkuksen 40-vuotisjuhlaesitys Pakkassirkus Ajaton sek\u00e4 <strong>Mikko Roihan <\/strong>dramatisoima ja ohjaama V\u00e4yl\u00e4, joka tuo n\u00e4ytt\u00e4m\u00f6lle Lapin sodan ja naisn\u00e4k\u00f6kulman voiman.<\/p>\n<p>Lis\u00e4ksi lavalla n\u00e4hd\u00e4\u00e4n kev\u00e4\u00e4n aikana esimerkiksi <strong>Atik Ismailin <\/strong>Ihan iholla -monologi, katutanssia ja livemusiikkia yhdistelev\u00e4 A Fistful of Funk, <strong>Marion Rungin <\/strong>80-vuotisjuhlakonsertti, Riksteaternin D\u00f6dsdansen sek\u00e4 Ainon vuoro -musiikkiteatteriesitys <strong>Aino Sibeliuksesta<\/strong>.<\/p>\n<p><strong class=\"diks-storyline__impact\">Kev\u00e4tkaudella <\/strong>kaupunginteatterin n\u00e4ytt\u00e4m\u00f6ll\u00e4 n\u00e4hd\u00e4\u00e4n my\u00f6s tuttuun tapaan Tanssiteatteri Minimin esityksi\u00e4. Tulva on <strong>Janina Rajakankaan <\/strong>koreografia, jossa ammattitanssijoista ja eri-ik\u00e4isist\u00e4 paikallisista harrastajista koostuva esiintyj\u00e4joukko pys\u00e4htyy uutisvirran kuvien \u00e4\u00e4relle.<\/p>\n<p>\u2013\u2009Ent\u00e4 jos uutisvirran kuvien selaamisen sijaan yhteis\u00f6 pys\u00e4htyisi niiden \u00e4\u00e4relle ja harjoittelisi niiss\u00e4 esiintyvien ihmisten asennot? teoksessa pohditaan.<\/p>\n<p>Tanssiteatteri Minimi, Kuopion kaupunginteatteri ja Kuopio Tanssin Kaupunki -yhteis\u00f6 lanseeraavat kev\u00e4\u00e4ll\u00e4 my\u00f6s uuden ja jokavuotisen Kansainv\u00e4lisen tanssin p\u00e4iv\u00e4n Rieha -nimisen tapahtuman, jonka aikana kaupunginteatteri t\u00e4ytt\u00e4\u00e4 tanssista ja liikkeest\u00e4. Kansainv\u00e4list\u00e4 tanssin p\u00e4iv\u00e4\u00e4 vietet\u00e4\u00e4n 29. huhtikuuta.<\/p>\n","protected":false},"excerpt":{"rendered":"Kuopion kaupunginteatterin kev\u00e4\u00e4ss\u00e4 2026 n\u00e4hd\u00e4\u00e4n tarinoita perheest\u00e4, yst\u00e4vyydest\u00e4 ja unelmista. Kauden p\u00e4\u00e4teoksena on suomalaisille tuttu tarina Metsoloiden perheest\u00e4.&hellip;\n","protected":false},"author":2,"featured_media":81744,"comment_status":"","ping_status":"","sticky":false,"template":"","format":"standard","meta":{"footnotes":""},"categories":[130],"tags":[137,33,31,30,108,1132,6469,4162,9988,718,32,485,109],"class_list":{"0":"post-81743","1":"post","2":"type-post","3":"status-publish","4":"format-standard","5":"has-post-thumbnail","7":"category-viihde","8":"tag-entertainment","9":"tag-fi","10":"tag-finland","11":"tag-finnish","12":"tag-kulttuuri","13":"tag-kuopio","14":"tag-kuopion-kaupunginteatteri","15":"tag-kuopion-kaupunki","16":"tag-life-change","17":"tag-nayttamotaide","18":"tag-suomi","19":"tag-taide-yleista","20":"tag-viihde"},"share_on_mastodon":{"url":"https:\/\/pubeurope.com\/@fi\/115497059163238731","error":""},"_links":{"self":[{"href":"https:\/\/www.europesays.com\/fi\/wp-json\/wp\/v2\/posts\/81743","targetHints":{"allow":["GET"]}}],"collection":[{"href":"https:\/\/www.europesays.com\/fi\/wp-json\/wp\/v2\/posts"}],"about":[{"href":"https:\/\/www.europesays.com\/fi\/wp-json\/wp\/v2\/types\/post"}],"author":[{"embeddable":true,"href":"https:\/\/www.europesays.com\/fi\/wp-json\/wp\/v2\/users\/2"}],"replies":[{"embeddable":true,"href":"https:\/\/www.europesays.com\/fi\/wp-json\/wp\/v2\/comments?post=81743"}],"version-history":[{"count":0,"href":"https:\/\/www.europesays.com\/fi\/wp-json\/wp\/v2\/posts\/81743\/revisions"}],"wp:featuredmedia":[{"embeddable":true,"href":"https:\/\/www.europesays.com\/fi\/wp-json\/wp\/v2\/media\/81744"}],"wp:attachment":[{"href":"https:\/\/www.europesays.com\/fi\/wp-json\/wp\/v2\/media?parent=81743"}],"wp:term":[{"taxonomy":"category","embeddable":true,"href":"https:\/\/www.europesays.com\/fi\/wp-json\/wp\/v2\/categories?post=81743"},{"taxonomy":"post_tag","embeddable":true,"href":"https:\/\/www.europesays.com\/fi\/wp-json\/wp\/v2\/tags?post=81743"}],"curies":[{"name":"wp","href":"https:\/\/api.w.org\/{rel}","templated":true}]}}