{"id":81755,"date":"2025-11-05T12:40:08","date_gmt":"2025-11-05T12:40:08","guid":{"rendered":"https:\/\/www.europesays.com\/fi\/81755\/"},"modified":"2025-11-05T12:40:08","modified_gmt":"2025-11-05T12:40:08","slug":"elamani-biisi-tahdet-tahdet-ja-the-voice-of-finland-laulaja-lahtee-omalle-kiertueelle","status":"publish","type":"post","link":"https:\/\/www.europesays.com\/fi\/81755\/","title":{"rendered":"El\u00e4m\u00e4ni biisi,\u00a0T\u00e4hdet t\u00e4hdet\u00a0ja\u00a0The Voice of Finland -laulaja l\u00e4htee omalle kiertueelle!"},"content":{"rendered":"<p>Pinkkitukkainen\u00a0<strong>Jepa Lambert<\/strong>\u00a0l\u00e4htee joulukuun alussa laajalle joulukiertueelle ymp\u00e4ri Suomen.\u00a0Soulful Christmas\u00a0-niminen kiertue on jatkoa Lambertin kahden edellisvuoden joulukiertueille, jotka ker\u00e4siv\u00e4t runsaasti yleis\u00f6\u00e4 ja suosiota eri puolilla maata. Konsertteja on kaikkiaan yhdeks\u00e4n, ja niist\u00e4 kuudessa on mukana my\u00f6s Lambertin johtama\u00a0<strong>Sounds of Mercy<\/strong>\u00a0-gospelkuoro.<\/p>\n<p>Lue my\u00f6s: <a href=\"https:\/\/www.como.fi\/uutiset\/suvi-terasniskan-esiintyminen-elamani-biisissa-keraa-hehkutusta-uskomattoman-upea\/\" title=\"Suvi Ter\u00e4sniskan esiintyminen El\u00e4m\u00e4ni biisiss\u00e4 ker\u00e4\u00e4 hehkutusta: \u201dKauden upein\u201d\" class=\"underline-custom !font-montserrat !font-bold !underline-offset-4 !decoration-4 !decoration-red-600 !text-md\" rel=\"nofollow noopener\" target=\"_blank\">Suvi Ter\u00e4sniskan esiintyminen El\u00e4m\u00e4ni biisiss\u00e4 ker\u00e4\u00e4 hehkutusta: \u201dKauden upein\u201d<\/a><\/p>\n<p>Lue my\u00f6s: <a href=\"https:\/\/www.como.fi\/uutiset\/tata-on-odotettu-vuosikymmenia-elamani-biisi-sarjan-taustatahdelta-jattiyllatys\/\" title=\"T\u00e4t\u00e4 on odotettu vuosikymmeni\u00e4: El\u00e4m\u00e4ni biisi -sarjan taustat\u00e4hdelt\u00e4 j\u00e4ttiyll\u00e4tys\" class=\"underline-custom !font-montserrat !font-bold !underline-offset-4 !decoration-4 !decoration-red-600 !text-md\" rel=\"nofollow noopener\" target=\"_blank\">T\u00e4t\u00e4 on odotettu vuosikymmeni\u00e4: El\u00e4m\u00e4ni biisi -sarjan taustat\u00e4hdelt\u00e4 j\u00e4ttiyll\u00e4tys<\/a><\/p>\n<p>Jepa Lambert on noussut suuren yleis\u00f6n tietoisuuteen lukuisista TV-ohjelmista ja on vakiinnuttanut paikkansa suomalaisen musiikkikent\u00e4n monipuolisena artistina, taustalaulajana ja vocal coachina. H\u00e4n on esiintynyt muun muassa\u00a0El\u00e4m\u00e4ni biisi,\u00a0T\u00e4hdet t\u00e4hdet\u00a0ja\u00a0The Voice of Finland\u00a0-ohjelmissa sek\u00e4 kiert\u00e4nyt lukuisten tunnettujen suomalaisten artistien kanssa, kuten\u00a0<strong>Vesterinen yhtyeineen<\/strong>,\u00a0<strong>Juha Tapio<\/strong>,\u00a0<strong>Kaija Koo<\/strong>,\u00a0<strong>Vesala<\/strong>,\u00a0<strong>Ellinoora<\/strong>\u00a0ja\u00a0<strong>Jenni Vartiainen<\/strong>. Lis\u00e4ksi h\u00e4n on laulanut monien kansainv\u00e4listen artistien kanssa, kuten\u00a0<strong>Jacob Collier<\/strong>,\u00a0<strong>Cory Henry<\/strong>,\u00a0<strong>Tony Momrelle<\/strong>\u00a0ja\u00a0<strong>Andra\u00e9 Crouch<\/strong>.<\/p>\n<p>Soulful Christmas\u00a0tuo kirkkosaleihin l\u00e4mminhenkisen ja groovaavan joulun tunnelman, jossa yhdistyv\u00e4t sielukas laulu, koskettava gospel ja svengaava soul. Kiertueen ohjelmisto koostuu rakastetuista jouluklassikoista, joiden sovituksissa kuuluvat Lambertille ominaiset gospel- ja soul-vaikutteet. Lambertia vahvistavat kiertueella pianisti\u00a0<strong>Maria Ilmoniemi<\/strong>\u00a0ja kitaristi-laulaja\u00a0<strong>Teri Mantere<\/strong>.<\/p>\n<p>Soulful Christmas\u00a0-kiertueen paikat alla.<\/p>\n<p>4.12. Pit\u00e4j\u00e4nkirkko,\u00a0<strong>Mikkeli<\/strong><br \/>5.12. Tikkurilan kirkko,\u00a0<strong>Vantaa<\/strong>\u00a0(mukana Sounds of Mercy -gospelkuoro)<br \/>7.12. Tapiolan kirkko,\u00a0<strong>Espoo<\/strong>\u00a0(mukana Sounds of Mercy -gospelkuoro)<br \/>9.12. Kymin kirkko,\u00a0<strong>Kotka<\/strong>\u00a0(mukana Sounds of Mercy -gospelkuoro)<br \/>11.12. Taulum\u00e4en kirkko,\u00a0<strong>Jyv\u00e4skyl\u00e4\u00a0<\/strong>(mukana Sounds of Mercy -gospelkuoro)<br \/>12.12. Aleksanterin kirkko,\u00a0<strong>Tampere<\/strong>\u00a0(mukana Sounds of Mercy -gospelkuoro)<br \/>13.12. Kallion kirkko,\u00a0<strong>Helsinki<\/strong>\u00a0(mukana Sounds of Mercy -gospelkuoro)<br \/>16.12. Oulujoen kirkko,\u00a0<strong>Oulu<\/strong><br \/>21.12. Ahlaisten kirkko,\u00a0<strong>Pori<\/strong><\/p>\n<p>Lue my\u00f6s: <a href=\"https:\/\/www.como.fi\/tilaa-comon-uutiskirje\/\" title=\"Tilaa Comon uutiskirje ja tied\u00e4t mist\u00e4 kahvitauolla puhutaan! Nappaa kotimaan tv-vinkit ja puheenaiheet suoraan s\u00e4hk\u00f6postiin t\u00e4st\u00e4.\" class=\"underline-custom !font-montserrat !font-bold !underline-offset-4 !decoration-4 !decoration-red-600 !text-md\" rel=\"nofollow noopener\" target=\"_blank\">Tilaa Comon uutiskirje ja tied\u00e4t mist\u00e4 kahvitauolla puhutaan! Nappaa kotimaan tv-vinkit ja puheenaiheet suoraan s\u00e4hk\u00f6postiin t\u00e4st\u00e4.<\/a><\/p>\n","protected":false},"excerpt":{"rendered":"Pinkkitukkainen\u00a0Jepa Lambert\u00a0l\u00e4htee joulukuun alussa laajalle joulukiertueelle ymp\u00e4ri Suomen.\u00a0Soulful Christmas\u00a0-niminen kiertue on jatkoa Lambertin kahden edellisvuoden joulukiertueille, jotka ker\u00e4siv\u00e4t&hellip;\n","protected":false},"author":2,"featured_media":81756,"comment_status":"","ping_status":"","sticky":false,"template":"","format":"standard","meta":{"footnotes":""},"categories":[133],"tags":[4654,137,33,31,30,32,206,17009,156,4685,109],"class_list":{"0":"post-81755","1":"post","2":"type-post","3":"status-publish","4":"format-standard","5":"has-post-thumbnail","7":"category-televisiot","8":"tag-elu00e4mu00e4ni-biisi","9":"tag-entertainment","10":"tag-fi","11":"tag-finland","12":"tag-finnish","13":"tag-suomi","14":"tag-televisiot","15":"tag-tu00e4hdet","16":"tag-tv","17":"tag-vain-elu00e4mu00e4u00e4","18":"tag-viihde"},"share_on_mastodon":{"url":"https:\/\/pubeurope.com\/@fi\/115497141724726460","error":""},"_links":{"self":[{"href":"https:\/\/www.europesays.com\/fi\/wp-json\/wp\/v2\/posts\/81755","targetHints":{"allow":["GET"]}}],"collection":[{"href":"https:\/\/www.europesays.com\/fi\/wp-json\/wp\/v2\/posts"}],"about":[{"href":"https:\/\/www.europesays.com\/fi\/wp-json\/wp\/v2\/types\/post"}],"author":[{"embeddable":true,"href":"https:\/\/www.europesays.com\/fi\/wp-json\/wp\/v2\/users\/2"}],"replies":[{"embeddable":true,"href":"https:\/\/www.europesays.com\/fi\/wp-json\/wp\/v2\/comments?post=81755"}],"version-history":[{"count":0,"href":"https:\/\/www.europesays.com\/fi\/wp-json\/wp\/v2\/posts\/81755\/revisions"}],"wp:featuredmedia":[{"embeddable":true,"href":"https:\/\/www.europesays.com\/fi\/wp-json\/wp\/v2\/media\/81756"}],"wp:attachment":[{"href":"https:\/\/www.europesays.com\/fi\/wp-json\/wp\/v2\/media?parent=81755"}],"wp:term":[{"taxonomy":"category","embeddable":true,"href":"https:\/\/www.europesays.com\/fi\/wp-json\/wp\/v2\/categories?post=81755"},{"taxonomy":"post_tag","embeddable":true,"href":"https:\/\/www.europesays.com\/fi\/wp-json\/wp\/v2\/tags?post=81755"}],"curies":[{"name":"wp","href":"https:\/\/api.w.org\/{rel}","templated":true}]}}