{"id":81758,"date":"2025-11-05T12:44:10","date_gmt":"2025-11-05T12:44:10","guid":{"rendered":"https:\/\/www.europesays.com\/fi\/81758\/"},"modified":"2025-11-05T12:44:10","modified_gmt":"2025-11-05T12:44:10","slug":"kalle-rovanperan-on-pakko-onnistua-japanissa-ei-mikaan-mieluinen-kisa-urheilu","status":"publish","type":"post","link":"https:\/\/www.europesays.com\/fi\/81758\/","title":{"rendered":"Kalle Rovanper\u00e4n on pakko onnistua Japanissa \u2013 &#8221;Ei mik\u00e4\u00e4n mieluinen kisa&#8221; | Urheilu"},"content":{"rendered":"<p>Kalle Rovanper\u00e4lt\u00e4 vaaditaan j\u00e4lleen isoa onnistumista, mik\u00e4li t\u00e4m\u00e4 mielii taistella uransa kolmannesta rallin maailmanmestaruudesta.<\/p>\n<p>Tulevana viikonloppuna ajettava Japanin MM-ralli ei ole koskaan ollut Rovanper\u00e4lle mieluinen kilpailu, vaikka se Rovanper\u00e4n tallin Toyotan kotikisa onkin. Syksyinen s\u00e4\u00e4 tuo oman lis\u00e4mausteensa kisaan, mutta suomalaist\u00e4hden mukaan kyse on enemminkin erikoiskokeiden luonteesta.<\/p>\n<p>\u2013\u2009Se on aina iso haaste, eik\u00e4 mik\u00e4\u00e4n mieluinen kisa minulle. Tiet ovat niin ahtaita ja hitaita, ett\u00e4 ei oikein saa kunnon flow-tilaa p\u00e4\u00e4lle miss\u00e4\u00e4n vaiheessa, Rovanper\u00e4 sanoo.<\/p>\n<p>\u2013\u2009Muutamissa paikoissa on isoa tiet\u00e4, miss\u00e4 p\u00e4\u00e4see ajamaan kunnon asvalttiajoa. Se on tuntunut t\u00e4n\u00e4 vuonna toimivan. Harmi vaan, ett\u00e4 sellaista tiet\u00e4 on aika v\u00e4h\u00e4n tarjolla, sek\u00e4 Kanariansaarten ett\u00e4 Keski-Euroopan asvalttiralleissa voittoa juhlinut Toyota-kuski jatkaa.<\/p>\n<p>\t\t\t\tTulos tai ulos<\/p>\n<p>Selv\u00e4\u00e4 kuitenkin on, ett\u00e4 Japanissa Rovanper\u00e4n on ly\u00f6t\u00e4v\u00e4 MM-sarjaa johtava tallikaveri Elfyn Evans. Ennen kauden kahta viimeist\u00e4 osakilpailua Evansin etumatka on 13 pistett\u00e4 ennen Rovanper\u00e4\u00e4 ja kolmatta Toyota-kuski Sebastien Ogieria.<\/p>\n<p>\u2013\u2009Tuollaiset p\u00e4tk\u00e4t eiv\u00e4t ole aiemmin sopineet minulle, mutta toisaalta fiilis asvaltilla t\u00e4ll\u00e4 autolla ja renkaalla on ollut hyv\u00e4. Katsotaan, mihin pystymme, Rovanper\u00e4 summaa.<\/p>\n<p>\u2013\u2009Mestaruustaistelu on niin tiukka, ett\u00e4 meid\u00e4n on vain puskettava t\u00e4ysill\u00e4 ja saatava hyv\u00e4 tulos.<\/p>\n<p>Parhaimmillaan Rovanper\u00e4 on ajanut Japanissa kolmanneksi kaudella 2023. Viime vuonna puolikkaan MM-kauden ajanut suomalainen j\u00e4tti rallin kokonaan v\u00e4liin.<\/p>\n<p>\t\t\t\tMit\u00e4 tekee Kankkunen?<\/p>\n<p>Rovanper\u00e4n lopettamisen my\u00f6t\u00e4 Toyota on joutunut pohtimaan ensi kauden kuvioitaan kuljettajiensa osalta. My\u00f6s tallip\u00e4\u00e4llikk\u00f6 saattaa vaihtua.<\/p>\n<p>Juha Kankkunen on toiminut valtaosassa kisoista tiimipomon roolissa, kun Jari-Matti Latvala on keskittynyt ajamiseen historic-autojen EM-sarjassa.<\/p>\n<p>Kankkunen saavutti heti debyyttikaudellaan valmistajien mestaruuden, mutta laukaalaislegenda my\u00f6nt\u00e4\u00e4, ett\u00e4 MM-sarjan kiert\u00e4minen my\u00f6s tallip\u00e4\u00e4llik\u00f6n roolissa on kova rasti.<\/p>\n<p>\u2013\u2009Aika rankkaa t\u00e4m\u00e4 on. T\u00e4ytyy jutella tiimin kanssa, jos heill\u00e4 joku muu olisi. Ei Jari-Mattikaan taida ehti\u00e4, mutta jos h\u00e4n pystyisi edes v\u00e4h\u00e4n auttamaan, se auttaisi jo paljon. Voisi jonkun kisan tuossa v\u00e4liss\u00e4 vet\u00e4\u00e4 ilmaa, Kankkunen kertoi.<\/p>\n<p>\u2013\u2009Kovia kausia n\u00e4m\u00e4 ovat. Jotain kyll\u00e4 keksit\u00e4\u00e4n, vaikka olisi vapaa viikonloppu. Ei t\u00e4ss\u00e4 juuri j\u00e4\u00e4 omaa aikaa, mutta eip\u00e4 en\u00e4\u00e4 tarvitsekaan. Lapset ovat jo aikuisia.<\/p>\n<p>Toyotan on m\u00e4\u00e4r\u00e4 ilmoittaa ensi kauden kuvioistaan heti Japanin MM-rallin j\u00e4lkeen.<\/p>\n<p>Japanin MM-rallissa suomalaisista p\u00e4\u00e4luokassa kisaa my\u00f6s Sami Pajari. WRC2-luokassa n\u00e4hd\u00e4\u00e4n puolestaan Heikki Kovalainen.<\/p>\n","protected":false},"excerpt":{"rendered":"Kalle Rovanper\u00e4lt\u00e4 vaaditaan j\u00e4lleen isoa onnistumista, mik\u00e4li t\u00e4m\u00e4 mielii taistella uransa kolmannesta rallin maailmanmestaruudesta. Tulevana viikonloppuna ajettava Japanin&hellip;\n","protected":false},"author":2,"featured_media":81759,"comment_status":"","ping_status":"","sticky":false,"template":"","format":"standard","meta":{"footnotes":""},"categories":[158],"tags":[648,2810,2267,33,31,30,4661,4673,83,159,32,128,160],"class_list":{"0":"post-81758","1":"post","2":"type-post","3":"status-publish","4":"format-standard","5":"has-post-thumbnail","7":"category-urheilu","8":"tag-autot","9":"tag-autourheilu-ja-urheiluautot","10":"tag-eurooppa","11":"tag-fi","12":"tag-finland","13":"tag-finnish","14":"tag-heikki-kovalainen","15":"tag-kalle-rovanpera","16":"tag-moottoriurheilu","17":"tag-sports","18":"tag-suomi","19":"tag-tieliikenne","20":"tag-urheilu"},"share_on_mastodon":{"url":"https:\/\/pubeurope.com\/@fi\/115497157636565369","error":""},"_links":{"self":[{"href":"https:\/\/www.europesays.com\/fi\/wp-json\/wp\/v2\/posts\/81758","targetHints":{"allow":["GET"]}}],"collection":[{"href":"https:\/\/www.europesays.com\/fi\/wp-json\/wp\/v2\/posts"}],"about":[{"href":"https:\/\/www.europesays.com\/fi\/wp-json\/wp\/v2\/types\/post"}],"author":[{"embeddable":true,"href":"https:\/\/www.europesays.com\/fi\/wp-json\/wp\/v2\/users\/2"}],"replies":[{"embeddable":true,"href":"https:\/\/www.europesays.com\/fi\/wp-json\/wp\/v2\/comments?post=81758"}],"version-history":[{"count":0,"href":"https:\/\/www.europesays.com\/fi\/wp-json\/wp\/v2\/posts\/81758\/revisions"}],"wp:featuredmedia":[{"embeddable":true,"href":"https:\/\/www.europesays.com\/fi\/wp-json\/wp\/v2\/media\/81759"}],"wp:attachment":[{"href":"https:\/\/www.europesays.com\/fi\/wp-json\/wp\/v2\/media?parent=81758"}],"wp:term":[{"taxonomy":"category","embeddable":true,"href":"https:\/\/www.europesays.com\/fi\/wp-json\/wp\/v2\/categories?post=81758"},{"taxonomy":"post_tag","embeddable":true,"href":"https:\/\/www.europesays.com\/fi\/wp-json\/wp\/v2\/tags?post=81758"}],"curies":[{"name":"wp","href":"https:\/\/api.w.org\/{rel}","templated":true}]}}