{"id":81764,"date":"2025-11-05T12:49:14","date_gmt":"2025-11-05T12:49:14","guid":{"rendered":"https:\/\/www.europesays.com\/fi\/81764\/"},"modified":"2025-11-05T12:49:14","modified_gmt":"2025-11-05T12:49:14","slug":"hurja-havainto-venajalta-sotilaan-palvelusaika-on-nyt-noin-kuukausi","status":"publish","type":"post","link":"https:\/\/www.europesays.com\/fi\/81764\/","title":{"rendered":"Hurja havainto Ven\u00e4j\u00e4lt\u00e4 &#8211; &#8221;Sotilaan palvelusaika on nyt noin kuukausi&#8221;"},"content":{"rendered":"<p class=\"ai-optimize-6 ai-optimize-introduction\">Ven\u00e4l\u00e4inen toisinajattelija ja Omskissa perustetun OGO-aktivistiryhm\u00e4n perustaja <strong>Daniil Tshebikin<\/strong> kertoo pys\u00e4ytt\u00e4vi\u00e4 lukuja Ukrainan rintamalla kaatuneista ven\u00e4l\u00e4isist\u00e4.<\/p>\n<p class=\"ai-optimize-7\">Tshebikin sanoo varmistaneensa kuukauden aikana per\u00e4ti 150 kaatuneen tiedot yksin Omskista ja kaupungin l\u00e4hialueilta. H\u00e4n huomauttaa vertailun vuoksi, ett\u00e4 kuolonuhreja oli siell\u00e4 saman verran t\u00e4ysimittaisen hy\u00f6kk\u00e4yssodan koko ensimm\u00e4isen vuoden aikana.<\/p>\n<p class=\"ai-optimize-8\">\u2013 Miksi n\u00e4in on k\u00e4ynyt? Ven\u00e4j\u00e4n armeijan sotilaan keskim\u00e4\u00e4r\u00e4inen \u201dpalvelusaika\u201d on nyt kuukauden luokkaa, Tshebikin lataa.<\/p>\n<p class=\"ai-optimize-9\">Sotaa vastustava aktivisti on jakanut X:n p\u00e4ivityksess\u00e4\u00e4n kuvia ven\u00e4l\u00e4isten sotilaiden karuista tarinoista. H\u00e4n sanoo niiden toistavan samaa kaavaa.<\/p>\n<p class=\"ai-optimize-10\">\u2013 Teki sopimuksen lokakuussa, kuoli marraskuussa. Astui palvelukseen joulukuussa, kuoli tammikuun 9. p\u00e4iv\u00e4n\u00e4. Astui palvelukseen ennen uutta vuotta, ei kontaktia tammikuun j\u00e4lkeen. Kuolinilmoitus saapui vasta kymmenen kuukautta my\u00f6hemmin, Tshebikin siteeraa.<\/p>\n<p class=\"ai-optimize-11\">H\u00e4n luonnehtii sotaa Ven\u00e4j\u00e4n oman v\u00e4est\u00f6n h\u00e4vitt\u00e4miseksi.<\/p>\n<p class=\"ai-optimize-12\">\u2013 Ja miksi? Jotta saisimme kaapattua lis\u00e4\u00e4 neli\u00f6kilometrej\u00e4.<\/p>\n<p class=\"ai-optimize-13\">Toisessa p\u00e4ivityksess\u00e4\u00e4n Tshebikin toteaa OGO:n julkaisevan joka p\u00e4iv\u00e4 20-30 sodassa kaatuneen ven\u00e4l\u00e4isen nime\u00e4 pelk\u00e4st\u00e4\u00e4n Omskista. H\u00e4n kehottaa seuraajiaan kuvittelemaan, kuinka paljon uhreja on koko maassa.<\/p>\n<p class=\"ai-optimize-14\">\u2013 Sopimusten [sotilaiksi] allekirjoittajien elinik\u00e4 lyhenee vuosista ja kuukausista kirjaimellisesti viikkoihin.<\/p>\n<p class=\"ai-optimize-15\">Aktivisti kutsuu diktaattori <strong>Vladimir Putinia<\/strong> \u201dVen\u00e4j\u00e4n teloittajaksi\u201d.<\/p>\n<blockquote class=\"twitter-tweet\" data-width=\"550\" data-dnt=\"true\">\n<p lang=\"ru\" dir=\"ltr\">\u0417\u0430 \u043c\u0435\u0441\u044f\u0446 \u0432\u0435\u0440\u0438\u0444\u0438\u0446\u0438\u0440\u043e\u0432\u0430\u043b \u0431\u043e\u043b\u044c\u0448\u0435 150 \u043d\u043e\u0432\u044b\u0445 \u0444\u0430\u043c\u0438\u043b\u0438\u0439 \u043f\u043e\u0433\u0438\u0431\u0448\u0438\u0445 \u0441 \u041e\u043c\u0441\u043a\u0430 \u0438 \u043e\u0431\u043b\u0430\u0441\u0442\u0438. <\/p>\n<p>\u0414\u043b\u044f \u0441\u0440\u0430\u0432\u043d\u0435\u043d\u0438\u044f, \u043f\u0440\u0438\u043c\u0435\u0440\u043d\u043e \u0441\u0442\u043e\u043b\u044c\u043a\u043e \u0436\u0435 \u043f\u043e\u0433\u0438\u0431\u043b\u043e \u0437\u0430 \u0446\u0435\u043b\u044b\u0439 \u0433\u043e\u0434 \u0432\u0442\u043e\u0440\u0436\u0435\u043d\u0438\u044f, \u0441 \u0444\u0435\u0432\u0440\u0430\u043b\u044f 2022 \u043f\u043e \u0444\u0435\u0432\u0440\u0430\u043b\u044c 2023.<\/p>\n<p>\u041f\u043e\u0447\u0435\u043c\u0443 \u0442\u0430\u043a? \u0421\u0440\u0435\u0434\u043d\u0438\u0439 \u0441\u0440\u043e\u043a \u00ab\u0441\u043b\u0443\u0436\u0431\u044b\u00bb \u0431\u043e\u0439\u0446\u0430 \u0430\u0440\u043c\u0438\u0438 \u0420\u0424 \u0441\u0435\u0439\u0447\u0430\u0441 \u043e\u043a\u043e\u043b\u043e \u043c\u0435\u0441\u044f\u0446\u0430. \u041f\u043e\u0447\u0438\u0442\u0430\u0439\u0442\u0435 \u044d\u0442\u0438 \u0438\u0441\u0442\u043e\u0440\u0438\u0438, \u0432\u0441\u0435 \u043a\u0430\u043a\u2026 <a href=\"https:\/\/t.co\/ZOwVSv3gcZ\" rel=\"nofollow\">https:\/\/t.co\/ZOwVSv3gcZ<\/a> <a href=\"https:\/\/t.co\/sArIlOxuDK\" rel=\"nofollow\">pic.twitter.com\/sArIlOxuDK<\/a><\/p>\n<p>\u2014 Daniil Chebykin (@chebykin_d) <a href=\"https:\/\/twitter.com\/chebykin_d\/status\/1985692101091180645?ref_src=twsrc%5Etfw\" rel=\"nofollow noopener\" target=\"_blank\">November 4, 2025<\/a><\/p>\n<\/blockquote>\n<p>Poimintoja videosis\u00e4ll\u00f6ist\u00e4mme<\/p>\n<p>\t\t\t\t<script async src=\"https:\/\/platform.twitter.com\/widgets.js\" charset=\"utf-8\"><\/script><\/p>\n","protected":false},"excerpt":{"rendered":"Ven\u00e4l\u00e4inen toisinajattelija ja Omskissa perustetun OGO-aktivistiryhm\u00e4n perustaja Daniil Tshebikin kertoo pys\u00e4ytt\u00e4vi\u00e4 lukuja Ukrainan rintamalla kaatuneista ven\u00e4l\u00e4isist\u00e4. Tshebikin sanoo&hellip;\n","protected":false},"author":2,"featured_media":81765,"comment_status":"","ping_status":"","sticky":false,"template":"","format":"standard","meta":{"footnotes":""},"categories":[14],"tags":[22,23,26,27,33,31,30,17,24,25,28,29,15,18,21,32,19,20,56,16,987,59,60,61],"class_list":{"0":"post-81764","1":"post","2":"type-post","3":"status-publish","4":"format-standard","5":"has-post-thumbnail","7":"category-ulkomaat","8":"tag-breaking-news","9":"tag-breakingnews","10":"tag-featured-news","11":"tag-featurednews","12":"tag-fi","13":"tag-finland","14":"tag-finnish","15":"tag-headlines","16":"tag-latest-news","17":"tag-latestnews","18":"tag-main-news","19":"tag-mainnews","20":"tag-news","21":"tag-otsikot","22":"tag-paauutiset","23":"tag-suomi","24":"tag-top-stories","25":"tag-topstories","26":"tag-ulkomaat","27":"tag-uutiset","28":"tag-venajan-hyokkays","29":"tag-world","30":"tag-world-news","31":"tag-worldnews"},"share_on_mastodon":{"url":"https:\/\/pubeurope.com\/@fi\/115497177197489871","error":""},"_links":{"self":[{"href":"https:\/\/www.europesays.com\/fi\/wp-json\/wp\/v2\/posts\/81764","targetHints":{"allow":["GET"]}}],"collection":[{"href":"https:\/\/www.europesays.com\/fi\/wp-json\/wp\/v2\/posts"}],"about":[{"href":"https:\/\/www.europesays.com\/fi\/wp-json\/wp\/v2\/types\/post"}],"author":[{"embeddable":true,"href":"https:\/\/www.europesays.com\/fi\/wp-json\/wp\/v2\/users\/2"}],"replies":[{"embeddable":true,"href":"https:\/\/www.europesays.com\/fi\/wp-json\/wp\/v2\/comments?post=81764"}],"version-history":[{"count":0,"href":"https:\/\/www.europesays.com\/fi\/wp-json\/wp\/v2\/posts\/81764\/revisions"}],"wp:featuredmedia":[{"embeddable":true,"href":"https:\/\/www.europesays.com\/fi\/wp-json\/wp\/v2\/media\/81765"}],"wp:attachment":[{"href":"https:\/\/www.europesays.com\/fi\/wp-json\/wp\/v2\/media?parent=81764"}],"wp:term":[{"taxonomy":"category","embeddable":true,"href":"https:\/\/www.europesays.com\/fi\/wp-json\/wp\/v2\/categories?post=81764"},{"taxonomy":"post_tag","embeddable":true,"href":"https:\/\/www.europesays.com\/fi\/wp-json\/wp\/v2\/tags?post=81764"}],"curies":[{"name":"wp","href":"https:\/\/api.w.org\/{rel}","templated":true}]}}